{"id":7815,"date":"2015-03-11T18:24:58","date_gmt":"2015-03-11T18:24:58","guid":{"rendered":"http:\/\/www.ecuadoraldia.com.ec\/?p=7815"},"modified":"2015-03-11T18:24:58","modified_gmt":"2015-03-11T18:24:58","slug":"primer-centro-contra-las-drogas-esta-en-guayaquil","status":"publish","type":"post","link":"https:\/\/www.ecuadoraldia.com.ec\/?p=7815","title":{"rendered":"Primer centro contra las drogas est\u00e1 en Guayaquil"},"content":{"rendered":"<p style=\"text-align: justify;\"><a href=\"http:\/\/www.ecuadoraldia.com.ec\/wp-content\/uploads\/2015\/03\/cisne-.jpg\"><img loading=\"lazy\" decoding=\"async\" class=\"alignleft size-medium wp-image-7816\" src=\"http:\/\/www.ecuadoraldia.com.ec\/wp-content\/uploads\/2015\/03\/cisne--300x199.jpg\" alt=\"POL SOC ACT El primer mandatario se traslado hacia el Centro de Salud\" width=\"300\" height=\"199\" srcset=\"https:\/\/www.ecuadoraldia.com.ec\/wp-content\/uploads\/2015\/03\/cisne--300x199.jpg 300w, https:\/\/www.ecuadoraldia.com.ec\/wp-content\/uploads\/2015\/03\/cisne-.jpg 800w\" sizes=\"(max-width: 300px) 100vw, 300px\" \/><\/a>El primer centro de acogida para j\u00f3venes con problemas de adicci\u00f3n y un centro de salud tipo C fueron las obras que entreg\u00f3 ayer el presidente Rafael Correa, en su acostumbrada visita de los martes a Guayaquil.<\/p>\n<p style=\"text-align: justify;\">Previo a la inauguraci\u00f3n de ambos sitios, el Mandatario recorri\u00f3 las instalaciones. En el primer lugar constat\u00f3 que el recinto tiene capacidad para atender a 30 j\u00f3venes con problemas de drogadicci\u00f3n.<\/p>\n<p style=\"text-align: justify;\">El centro tiene por nombre Juan El\u00edas, en memoria del adolescente que falleci\u00f3 el a\u00f1o pasado, cuando le dio un infarto a causa del s\u00edndrome de abstinencia que padec\u00eda, producto de la etapa de recuperaci\u00f3n de su adicci\u00f3n.<\/p>\n<p style=\"text-align: justify;\">Este caso llam\u00f3 la atenci\u00f3n de las autoridades del Estado y del propio Presidente, quien ayer lament\u00f3 su muerte cuando se pudo haber hecho m\u00e1s para prevenir el problema que aquejaba al menor de edad.<\/p>\n<p style=\"text-align: justify;\">El centro de acogida alberga a adolescentes varones de entre 12 y 17 a\u00f1os y funciona en el mismo sitio en el que antes se encontraba el Hogar Infanto-Juvenil de Mujeres, regentado ahora por el Ministerio de Inclusi\u00f3n Econ\u00f3mica y Social (MIES).<\/p>\n<p style=\"text-align: justify;\">Cuenta con una sala de expresi\u00f3n corporal y otra de m\u00fasica, \u00e1reas de encuentro familiar y t\u00e9cnica, dormitorios, enfermer\u00eda, comedor, cocina, un sal\u00f3n de uso m\u00faltiple y un patio con juegos deportivos y de distracci\u00f3n.<\/p>\n<p style=\"text-align: justify;\">En la readecuaci\u00f3n se invirtieron $ 230.129. Los j\u00f3venes tendr\u00e1n la oportunidad de recibir un programa terap\u00e9utico residencial que estar\u00e1 a cargo del Ministerio de Salud P\u00fablica, luego vendr\u00e1 la segunda fase que es la de reinserci\u00f3n familiar y comunitaria, de la que se encargar\u00e1 el MIES.<\/p>\n<p style=\"text-align: justify;\">En el lugar estuvieron presentes las ministras coordinadora Social, Cecilia Vaca; de Inclusi\u00f3n Econ\u00f3mica y Social, Betty Tola; y de Salud, Carina Vance; as\u00ed como el prefecto de Guayas, Jimmy Jairala; y el gobernador Rolando Panchana.<\/p>\n<p style=\"text-align: justify;\">La ministra Tola indic\u00f3 que en el centro los adolescentes recibir\u00e1n un tratamiento especial, coordinado con el Ministerio de Salud, para el proceso de desintoxicaci\u00f3n y luego se realizar\u00e1 un trabajo de desarrollo comunitario, con la finalidad de reinsertarlos al n\u00facleo familiar.<\/p>\n<p style=\"text-align: justify;\">Mientras que, el Presidente en su intervenci\u00f3n expres\u00f3 que el problema del consumo de drogas en los adolescentes ha sido enfrentado por el Gobierno con una pol\u00edtica integral, que incluye salud, educaci\u00f3n y otros aspectos.<\/p>\n<p style=\"text-align: justify;\">Tras se\u00f1alar que lo m\u00e1s preciado que tenemos como sociedad son los ni\u00f1os y adolescentes, formul\u00f3 un reclamo ante el tema de la abstinencia para evitar el embarazo adolescente. \u201cEst\u00e1n construyendo una discusi\u00f3n sobre algo que no existe, se habl\u00f3 de la abstinencia sexual como una de las opciones para lo cual se debe tener informado a los j\u00f3venes para que tomen decisiones libres e informadas\u201d, explic\u00f3 el Mandatario en relaci\u00f3n al Plan Familia, antes Enipla.<\/p>\n<p style=\"text-align: justify;\">Los suministros de anticonceptivos, preservativos, asesor\u00eda y atenci\u00f3n en centros de salud no han cesado, pero \u201cs\u00ed se ha dicho que la nueva estrategia debe tambi\u00e9n enfatizar en valores, no en el hedonismo simple\u201d.<\/p>\n<p style=\"text-align: justify;\">Luego se traslad\u00f3 hasta el Centro de Salud tipo C ubicado en el sector El Cisne 2, en el suburbio oeste de Guayaquil. All\u00ed el Jefe de Estado efectu\u00f3 un nuevo recorrido por las instalaciones.<\/p>\n<p style=\"text-align: justify;\">En los exteriores, Jos\u00e9 Silverio S\u00e1nchez, morador del sector, record\u00f3 c\u00f3mo se atend\u00eda en el lugar antes de la reconstrucci\u00f3n del centro, donde en invierno deb\u00edan atravesar el lodo y la maleza.<\/p>\n<p style=\"text-align: justify;\">Mientras que, la ministra Carina Vance anunci\u00f3 que otro centro m\u00e1s se inaugurar\u00e1 en Guayaquil, que estar\u00e1 en Basti\u00f3n Popular.<\/p>\n<p style=\"text-align: justify;\">\u201cGuayaquil es la \u00fanica ciudad en el pa\u00eds donde nosotros tenemos que adquirir servicio de primer nivel de atenci\u00f3n y eso es lo que estamos cambiando\u201d, expres\u00f3 Vance, tras recordar que en esta ciudad hay el mayor n\u00famero de mortalidad materna.<\/p>\n<p style=\"text-align: justify;\">En tanto, el Presidente record\u00f3 que cuando asumi\u00f3 el Gobierno, este fue uno de los primeros sitios que visit\u00f3 cuando solamente era un subcentro de salud.<\/p>\n<p style=\"text-align: justify;\">Para el efecto, se\u00f1al\u00f3, se tuvo que intervenir los hospitales por tratarse de un derecho fundamental de los ecuatorianos, pero tambi\u00e9n se han construido centros de tipo A, B y C. Luego el Mandatario se dirigi\u00f3 a la Gobernaci\u00f3n del Guayas y en la tarde mantuvo un conversatorio con los medios de comunicaci\u00f3n.<\/p>\n<p style=\"text-align: justify;\">Datos<\/p>\n<p style=\"text-align: justify;\">En la casa de acogida antes funcion\u00f3 el Hogar Infanto-Juvenil de Mujeres del MIES. En principio atender\u00e1 a 30 adolescentes con terapias de salud y de desintoxicaci\u00f3n.<\/p>\n<p style=\"text-align: justify;\">En la inauguraci\u00f3n estuvo presente la madre de Juan El\u00edas, el menor que falleci\u00f3 por problemas de adicci\u00f3n. Ella llor\u00f3 tras escuchar el homenaje que rindi\u00f3 el Mandatario a su hijo.<\/p>\n<p style=\"text-align: justify;\">El centro de salud de El Cisne II cuenta con los servicios de medicina general, obstetricia, parto, ecograf\u00eda, terapia respiratoria, rayos X, laboratorios, odontolog\u00eda, triaje, observaci\u00f3n, entre otros.<\/p>\n<p style=\"text-align: justify;\">La obra, con un costo de $ 4 millones, fue ejecutada por el Servicio de Contrataci\u00f3n y beneficiar\u00e1 directamente a una poblaci\u00f3n aproximada de 40 mil habitantes. El centro es uno de los 13 a edificarse en Guayaquil. (El tel\u00e9grafo)<\/p>\n","protected":false},"excerpt":{"rendered":"<p>El primer centro de acogida para j\u00f3venes con problemas de adicci\u00f3n y un centro de salud tipo C fueron las<\/p>\n","protected":false},"author":1,"featured_media":0,"comment_status":"open","ping_status":"open","sticky":false,"template":"","format":"standard","meta":{"footnotes":""},"categories":[4],"tags":[],"_links":{"self":[{"href":"https:\/\/www.ecuadoraldia.com.ec\/index.php?rest_route=\/wp\/v2\/posts\/7815"}],"collection":[{"href":"https:\/\/www.ecuadoraldia.com.ec\/index.php?rest_route=\/wp\/v2\/posts"}],"about":[{"href":"https:\/\/www.ecuadoraldia.com.ec\/index.php?rest_route=\/wp\/v2\/types\/post"}],"author":[{"embeddable":true,"href":"https:\/\/www.ecuadoraldia.com.ec\/index.php?rest_route=\/wp\/v2\/users\/1"}],"replies":[{"embeddable":true,"href":"https:\/\/www.ecuadoraldia.com.ec\/index.php?rest_route=%2Fwp%2Fv2%2Fcomments&post=7815"}],"version-history":[{"count":1,"href":"https:\/\/www.ecuadoraldia.com.ec\/index.php?rest_route=\/wp\/v2\/posts\/7815\/revisions"}],"predecessor-version":[{"id":7817,"href":"https:\/\/www.ecuadoraldia.com.ec\/index.php?rest_route=\/wp\/v2\/posts\/7815\/revisions\/7817"}],"wp:attachment":[{"href":"https:\/\/www.ecuadoraldia.com.ec\/index.php?rest_route=%2Fwp%2Fv2%2Fmedia&parent=7815"}],"wp:term":[{"taxonomy":"category","embeddable":true,"href":"https:\/\/www.ecuadoraldia.com.ec\/index.php?rest_route=%2Fwp%2Fv2%2Fcategories&post=7815"},{"taxonomy":"post_tag","embeddable":true,"href":"https:\/\/www.ecuadoraldia.com.ec\/index.php?rest_route=%2Fwp%2Fv2%2Ftags&post=7815"}],"curies":[{"name":"wp","href":"https:\/\/api.w.org\/{rel}","templated":true}]}}