{"id":7818,"date":"2015-03-11T18:28:41","date_gmt":"2015-03-11T18:28:41","guid":{"rendered":"http:\/\/www.ecuadoraldia.com.ec\/?p=7818"},"modified":"2015-03-11T18:29:36","modified_gmt":"2015-03-11T18:29:36","slug":"cascos-azules-ecuatorianos-terminan-mision-de-ayuda-humanitaria-en-haiti","status":"publish","type":"post","link":"https:\/\/www.ecuadoraldia.com.ec\/?p=7818","title":{"rendered":"Cascos azules ecuatorianos terminan misi\u00f3n  en Hait\u00ed"},"content":{"rendered":"<p style=\"text-align: justify;\"><a href=\"http:\/\/www.ecuadoraldia.com.ec\/wp-content\/uploads\/2015\/03\/cascos_azules8.jpg\"><img loading=\"lazy\" decoding=\"async\" class=\"alignleft size-medium wp-image-7819\" src=\"http:\/\/www.ecuadoraldia.com.ec\/wp-content\/uploads\/2015\/03\/cascos_azules8-300x189.jpg\" alt=\"cascos_azules8\" width=\"300\" height=\"189\" srcset=\"https:\/\/www.ecuadoraldia.com.ec\/wp-content\/uploads\/2015\/03\/cascos_azules8-300x189.jpg 300w, https:\/\/www.ecuadoraldia.com.ec\/wp-content\/uploads\/2015\/03\/cascos_azules8.jpg 580w\" sizes=\"(max-width: 300px) 100vw, 300px\" \/><\/a>Quito, 11 mar (andes).- Las misiones de cascos azules que Ecuador envi\u00f3 a Hait\u00ed dentro de un programa de ayuda humanitaria a la naci\u00f3n caribe\u00f1a est\u00e1n por concluir y los uniformados ecuatorianos retornar\u00e1n al pa\u00eds entre el 15 y el 21 de abril, inform\u00f3 el Ministerio de Defensa.<\/p>\n<p style=\"text-align: justify;\">Se espera que los trabajos del grupo, principalmente integrado por personal del Cuerpo de Ingenieros del Ej\u00e9rcito, est\u00e9n culminados hasta el 31 de marzo, lo que permitir\u00e1 que los 47 uniformados ecuatorianos que participaron en la misi\u00f3n regresen al pa\u00eds andino.<\/p>\n<p style=\"text-align: justify;\">Est\u00e1 previsto que cinco soldados del contingente permanezcan en Hait\u00ed por un tiempo para tareas de custodia, mantenimiento, higiene y operaci\u00f3n de la maquinaria.<\/p>\n<p style=\"text-align: justify;\">La misi\u00f3n humanitaria denominada contingente Minustah (Misi\u00f3n de las Naciones Unidas para el Establecimiento de Hait\u00ed), principalmente enfocada en la reconstrucci\u00f3n de infraestructura civil del pa\u00eds que fue devastado por un terremoto de magnitud 7,3 en 2010, tambi\u00e9n estuvo integrada por cascos azules chilenos, raz\u00f3n por la cual el lunes se reunieron delegaciones de las Fuerzas Armadas de Ecuador y Chile para afinar los detalles de la culminaci\u00f3n de la tareas en Hait\u00ed en el primer trimestre de 2015.<\/p>\n<p style=\"text-align: justify;\">El \u00faltimo grupo que envi\u00f3 Ecuador a la naci\u00f3n caribe\u00f1a fue el vig\u00e9simo primer contingente que lleg\u00f3 a Puerto Pr\u00edncipe el 30 de enero de este a\u00f1o para colaborar en la construcci\u00f3n de puentes y carreteras, especialmente en la capital haitiana y el departamento de Artibonite.<\/p>\n<p style=\"text-align: justify;\">Seg\u00fan estad\u00edsticas de la Unidad Escuela de Misiones de Paz (Uempe), divulgadas por el Ministerio de Defensa, Ecuador tiene unos 4.500 soldados entrenados en operaciones de paz, de los cuales unos 1.400 han participado desde hace 10 a\u00f1os en tareas de reconstrucci\u00f3n y en el restablecimiento de la institucionalidad en Hait\u00ed.<\/p>\n<p style=\"text-align: justify;\">Ese pa\u00eds ha enfrentado desde 2004 un golpe de Estado, poderosos huracanes y el poderoso sismo de 2010, que pr\u00e1cticamente devast\u00f3 a la naci\u00f3n y provoc\u00f3 la muerte de unas 316.000 personas y dej\u00f3 unos 350.000 heridos y m\u00e1s de 1,5 millones de damnificados.(Andes)<\/p>\n","protected":false},"excerpt":{"rendered":"<p>Quito, 11 mar (andes).- Las misiones de cascos azules que Ecuador envi\u00f3 a Hait\u00ed dentro de un programa de ayuda<\/p>\n","protected":false},"author":1,"featured_media":0,"comment_status":"open","ping_status":"open","sticky":false,"template":"","format":"standard","meta":{"footnotes":""},"categories":[3],"tags":[],"_links":{"self":[{"href":"https:\/\/www.ecuadoraldia.com.ec\/index.php?rest_route=\/wp\/v2\/posts\/7818"}],"collection":[{"href":"https:\/\/www.ecuadoraldia.com.ec\/index.php?rest_route=\/wp\/v2\/posts"}],"about":[{"href":"https:\/\/www.ecuadoraldia.com.ec\/index.php?rest_route=\/wp\/v2\/types\/post"}],"author":[{"embeddable":true,"href":"https:\/\/www.ecuadoraldia.com.ec\/index.php?rest_route=\/wp\/v2\/users\/1"}],"replies":[{"embeddable":true,"href":"https:\/\/www.ecuadoraldia.com.ec\/index.php?rest_route=%2Fwp%2Fv2%2Fcomments&post=7818"}],"version-history":[{"count":2,"href":"https:\/\/www.ecuadoraldia.com.ec\/index.php?rest_route=\/wp\/v2\/posts\/7818\/revisions"}],"predecessor-version":[{"id":7821,"href":"https:\/\/www.ecuadoraldia.com.ec\/index.php?rest_route=\/wp\/v2\/posts\/7818\/revisions\/7821"}],"wp:attachment":[{"href":"https:\/\/www.ecuadoraldia.com.ec\/index.php?rest_route=%2Fwp%2Fv2%2Fmedia&parent=7818"}],"wp:term":[{"taxonomy":"category","embeddable":true,"href":"https:\/\/www.ecuadoraldia.com.ec\/index.php?rest_route=%2Fwp%2Fv2%2Fcategories&post=7818"},{"taxonomy":"post_tag","embeddable":true,"href":"https:\/\/www.ecuadoraldia.com.ec\/index.php?rest_route=%2Fwp%2Fv2%2Ftags&post=7818"}],"curies":[{"name":"wp","href":"https:\/\/api.w.org\/{rel}","templated":true}]}}