{"id":7823,"date":"2015-03-12T00:10:25","date_gmt":"2015-03-12T00:10:25","guid":{"rendered":"http:\/\/www.ecuadoraldia.com.ec\/?p=7823"},"modified":"2015-03-12T00:10:25","modified_gmt":"2015-03-12T00:10:25","slug":"corte-ordena-detencion-de-expresidente-de-cofiec-germanico-maya","status":"publish","type":"post","link":"https:\/\/www.ecuadoraldia.com.ec\/?p=7823","title":{"rendered":"Corte ordena detenci\u00f3n de expresidente de Cofiec, Germ\u00e1nico Maya"},"content":{"rendered":"<p style=\"text-align: justify;\"><a href=\"http:\/\/www.ecuadoraldia.com.ec\/wp-content\/uploads\/2015\/03\/corte.jpg\"><img loading=\"lazy\" decoding=\"async\" class=\"alignleft size-full wp-image-7824\" src=\"http:\/\/www.ecuadoraldia.com.ec\/wp-content\/uploads\/2015\/03\/corte.jpg\" alt=\"corte\" width=\"288\" height=\"176\" \/><\/a>El Tribunal de la Sala Penal de la Corte de Justicia presidida por Luis Valencia, orden\u00f3 hoy, 11 de marzo del 2015, la detenci\u00f3n de Germ\u00e1nico Maya, expresidente del banco Cofiec, para que rinda su testimonio en audiencia de juicio por el caso Cofic.<\/p>\n<p style=\"text-align: justify;\">Desde hace nueve d\u00edas se viene realizando la audiencia de juzgamiento para definir la situaci\u00f3n juridical de nueve procesados, que fueron llamados a juicio por el presunto delito de peculado bancario como consecuencia del cr\u00e9dito de 800.000 d\u00f3lares concedidos al argentino Gast\u00f3n Duzac, en diciembre de 2011. (La hora)<\/p>\n","protected":false},"excerpt":{"rendered":"<p>El Tribunal de la Sala Penal de la Corte de Justicia presidida por Luis Valencia, orden\u00f3 hoy, 11 de marzo<\/p>\n","protected":false},"author":1,"featured_media":0,"comment_status":"open","ping_status":"open","sticky":false,"template":"","format":"standard","meta":{"footnotes":""},"categories":[5],"tags":[],"_links":{"self":[{"href":"https:\/\/www.ecuadoraldia.com.ec\/index.php?rest_route=\/wp\/v2\/posts\/7823"}],"collection":[{"href":"https:\/\/www.ecuadoraldia.com.ec\/index.php?rest_route=\/wp\/v2\/posts"}],"about":[{"href":"https:\/\/www.ecuadoraldia.com.ec\/index.php?rest_route=\/wp\/v2\/types\/post"}],"author":[{"embeddable":true,"href":"https:\/\/www.ecuadoraldia.com.ec\/index.php?rest_route=\/wp\/v2\/users\/1"}],"replies":[{"embeddable":true,"href":"https:\/\/www.ecuadoraldia.com.ec\/index.php?rest_route=%2Fwp%2Fv2%2Fcomments&post=7823"}],"version-history":[{"count":1,"href":"https:\/\/www.ecuadoraldia.com.ec\/index.php?rest_route=\/wp\/v2\/posts\/7823\/revisions"}],"predecessor-version":[{"id":7825,"href":"https:\/\/www.ecuadoraldia.com.ec\/index.php?rest_route=\/wp\/v2\/posts\/7823\/revisions\/7825"}],"wp:attachment":[{"href":"https:\/\/www.ecuadoraldia.com.ec\/index.php?rest_route=%2Fwp%2Fv2%2Fmedia&parent=7823"}],"wp:term":[{"taxonomy":"category","embeddable":true,"href":"https:\/\/www.ecuadoraldia.com.ec\/index.php?rest_route=%2Fwp%2Fv2%2Fcategories&post=7823"},{"taxonomy":"post_tag","embeddable":true,"href":"https:\/\/www.ecuadoraldia.com.ec\/index.php?rest_route=%2Fwp%2Fv2%2Ftags&post=7823"}],"curies":[{"name":"wp","href":"https:\/\/api.w.org\/{rel}","templated":true}]}}