{"id":7826,"date":"2015-03-12T00:15:33","date_gmt":"2015-03-12T00:15:33","guid":{"rendered":"http:\/\/www.ecuadoraldia.com.ec\/?p=7826"},"modified":"2015-03-12T00:30:43","modified_gmt":"2015-03-12T00:30:43","slug":"fiscalia-investiga-si-muerte-de-roldos-fue-ejecucion-extrajudicial","status":"publish","type":"post","link":"https:\/\/www.ecuadoraldia.com.ec\/?p=7826","title":{"rendered":"Fiscal\u00eda investiga si muerte de Rold\u00f3s fue ejecuci\u00f3n extrajudicial"},"content":{"rendered":"<figure id=\"attachment_7840\" aria-describedby=\"caption-attachment-7840\" style=\"width: 300px\" class=\"wp-caption alignleft\"><a href=\"http:\/\/www.ecuadoraldia.com.ec\/wp-content\/uploads\/2015\/03\/roldos.jpg\"><img loading=\"lazy\" decoding=\"async\" class=\"size-medium wp-image-7840\" src=\"http:\/\/www.ecuadoraldia.com.ec\/wp-content\/uploads\/2015\/03\/roldos-300x225.jpg\" alt=\"foto youtube..Internet\" width=\"300\" height=\"225\" srcset=\"https:\/\/www.ecuadoraldia.com.ec\/wp-content\/uploads\/2015\/03\/roldos-300x225.jpg 300w, https:\/\/www.ecuadoraldia.com.ec\/wp-content\/uploads\/2015\/03\/roldos.jpg 480w\" sizes=\"(max-width: 300px) 100vw, 300px\" \/><\/a><figcaption id=\"caption-attachment-7840\" class=\"wp-caption-text\">foto youtube..Internet<\/figcaption><\/figure>\n<p style=\"text-align: justify;\">Ecuador habr\u00eda sido uno de los pa\u00edses donde se aplic\u00f3 el denominado Plan C\u00f3ndor, que se ejecut\u00f3 entre 1970 y 1980 por los reg\u00edmenes dictatoriales del Cono Sur de Am\u00e9rica como Chile, Argentina, Paraguay, entre otros, manifest\u00f3 el fiscal general de la Naci\u00f3n Galo Chiriboga.<\/p>\n<p style=\"text-align: justify;\">Con esa informaci\u00f3n, Chiriboga a\u00f1adi\u00f3 que la Fiscal\u00eda de Ecuador est\u00e1 investigando si la muerte del presidente Jaime Rold\u00f3s se debi\u00f3 a un accidente o a una ejecuci\u00f3n extrajudicial, ya que tuvo acceso a documentaci\u00f3n desclasificada de la CIA.<\/p>\n<p>Una Comisi\u00f3n de la Fiscal\u00eda es la encargada de llevar adelante esa investigaci\u00f3n. \u201cLo que buscamos es tener certezas, tener confianza en que la informaci\u00f3n que se nos ha dado sobre la muerte de Rold\u00f3s, obedece a unas causas debidamente probadas\u201d, manifest\u00f3 Chiriboga.<\/p>\n<p style=\"text-align: justify;\">Rold\u00f3s muri\u00f3 el 24 de mayo de 1981 kuego de que el avi\u00f3n de la Fuerza A\u00e9rea Ecuatoriana (FAE) se estrellara contra el cerro de Huayrapungo en la provincia de Loja.<\/p>\n<p>Minutos antes Rold\u00f3s particip\u00f3 en la ceremonios c\u00edvivo- militar en el estadio Ol\u00edmpico Atahualpa. (la hora)<\/p>\n","protected":false},"excerpt":{"rendered":"<p>Ecuador habr\u00eda sido uno de los pa\u00edses donde se aplic\u00f3 el denominado Plan C\u00f3ndor, que se ejecut\u00f3 entre 1970 y<\/p>\n","protected":false},"author":1,"featured_media":0,"comment_status":"open","ping_status":"open","sticky":false,"template":"","format":"standard","meta":{"footnotes":""},"categories":[1],"tags":[],"_links":{"self":[{"href":"https:\/\/www.ecuadoraldia.com.ec\/index.php?rest_route=\/wp\/v2\/posts\/7826"}],"collection":[{"href":"https:\/\/www.ecuadoraldia.com.ec\/index.php?rest_route=\/wp\/v2\/posts"}],"about":[{"href":"https:\/\/www.ecuadoraldia.com.ec\/index.php?rest_route=\/wp\/v2\/types\/post"}],"author":[{"embeddable":true,"href":"https:\/\/www.ecuadoraldia.com.ec\/index.php?rest_route=\/wp\/v2\/users\/1"}],"replies":[{"embeddable":true,"href":"https:\/\/www.ecuadoraldia.com.ec\/index.php?rest_route=%2Fwp%2Fv2%2Fcomments&post=7826"}],"version-history":[{"count":4,"href":"https:\/\/www.ecuadoraldia.com.ec\/index.php?rest_route=\/wp\/v2\/posts\/7826\/revisions"}],"predecessor-version":[{"id":7841,"href":"https:\/\/www.ecuadoraldia.com.ec\/index.php?rest_route=\/wp\/v2\/posts\/7826\/revisions\/7841"}],"wp:attachment":[{"href":"https:\/\/www.ecuadoraldia.com.ec\/index.php?rest_route=%2Fwp%2Fv2%2Fmedia&parent=7826"}],"wp:term":[{"taxonomy":"category","embeddable":true,"href":"https:\/\/www.ecuadoraldia.com.ec\/index.php?rest_route=%2Fwp%2Fv2%2Fcategories&post=7826"},{"taxonomy":"post_tag","embeddable":true,"href":"https:\/\/www.ecuadoraldia.com.ec\/index.php?rest_route=%2Fwp%2Fv2%2Ftags&post=7826"}],"curies":[{"name":"wp","href":"https:\/\/api.w.org\/{rel}","templated":true}]}}