{"id":7829,"date":"2015-03-12T00:21:09","date_gmt":"2015-03-12T00:21:09","guid":{"rendered":"http:\/\/www.ecuadoraldia.com.ec\/?p=7829"},"modified":"2015-03-12T00:21:09","modified_gmt":"2015-03-12T00:21:09","slug":"avion-solar-impulse-2-bate-primer-record-de-distancia-recorre-1-465-km-en-menos-de-16-horas","status":"publish","type":"post","link":"https:\/\/www.ecuadoraldia.com.ec\/?p=7829","title":{"rendered":"Avi\u00f3n Solar Impulse 2 bate primer r\u00e9cord de distancia: recorre 1.465 km en menos de 16 horas"},"content":{"rendered":"<figure id=\"attachment_7830\" aria-describedby=\"caption-attachment-7830\" style=\"width: 300px\" class=\"wp-caption alignleft\"><a href=\"http:\/\/www.ecuadoraldia.com.ec\/wp-content\/uploads\/2015\/03\/avion-solar2.jpg\"><img loading=\"lazy\" decoding=\"async\" class=\"size-medium wp-image-7830\" src=\"http:\/\/www.ecuadoraldia.com.ec\/wp-content\/uploads\/2015\/03\/avion-solar2-300x193.jpg\" alt=\"El aparato parti\u00f3 del aeropuerto de Mascate, capital del sultanato de Om\u00e1n, y recorri\u00f3 1.465 km en menos de 16 horas hasta Ahmedabad, principal ciudad del Estado de Gujarat, en el oeste de India.\" width=\"300\" height=\"193\" srcset=\"https:\/\/www.ecuadoraldia.com.ec\/wp-content\/uploads\/2015\/03\/avion-solar2-300x193.jpg 300w, https:\/\/www.ecuadoraldia.com.ec\/wp-content\/uploads\/2015\/03\/avion-solar2.jpg 400w\" sizes=\"(max-width: 300px) 100vw, 300px\" \/><\/a><figcaption id=\"caption-attachment-7830\" class=\"wp-caption-text\">El aparato parti\u00f3 del aeropuerto de Mascate, capital del sultanato de Om\u00e1n, y recorri\u00f3 1.465 km en menos de 16 horas hasta Ahmedabad, principal ciudad del Estado de Gujarat, en el oeste de India.<\/figcaption><\/figure>\n<p style=\"text-align: justify;\">El avi\u00f3n Solar Impulse 2, que aterriz\u00f3 el martes en India, segunda etapa de esta in\u00e9dita vuelta al mundo, bati\u00f3 un primer r\u00e9cord de distancia, seg\u00fan los organizadores.<\/p>\n<p style=\"text-align: justify;\">El aparato SI2 parti\u00f3 del aeropuerto de Mascate, capital del sultanato de Om\u00e1n, a las 02:35 GMT, y recorri\u00f3 1.465 km en menos de 16 horas hasta Ahmedabad, principal ciudad del Estado de Gujarat, en el oeste de India.<\/p>\n<p style=\"text-align: justify;\">El avi\u00f3n, revolucionario porque solo funciona con energ\u00eda solar, estuvo pilotado por el suizo Bertrand Piccard, de 57 a\u00f1os, promotor del proyecto.<\/p>\n<p style=\"text-align: justify;\">Se trata de la mayor distancia jam\u00e1s recorrida por un avi\u00f3n de este tipo, subrayaron los organizadores, si bien el r\u00e9cord todav\u00eda debe ser validado por la Federaci\u00f3n Aeron\u00e1utica Internacional.<\/p>\n<p style=\"text-align: justify;\">La \u00faltima marca reconocida fue establecida en 2013 por el piloto Andr\u00e9 Borschberg con el primer prototipo de esta aeronave solar, el SI1, que recorri\u00f3 1.386,5 km en Estados Unidos.<\/p>\n<p style=\"text-align: justify;\">Se espera que el r\u00e9cord establecido el martes sea superado varias veces por el SI2 durante su vuelta al mundo, sobre todo cuando sobrevuele el Pac\u00edfico o el Atl\u00e1ntico.<\/p>\n<p style=\"text-align: justify;\">La nave permanecer\u00e1 cuatro d\u00edas en Ahmedabad antes de volar a Benar\u00e9s, en el norte de India.<\/p>\n<p style=\"text-align: justify;\">En total, el aparato recorrer\u00e1 35.000 km, a una velocidad modesta (entre 50 y 100 km\/h).<\/p>\n<p style=\"text-align: justify;\">La vuelta al mundo, a 8.500 metros de altitud como m\u00e1ximo, durar\u00e1 cinco meses, de los cuales 25 d\u00edas de vuelo efectivo, antes de su regreso al punto de partida, Abu Dabi, entre fines de julio y principios de agosto.<\/p>\n<p style=\"text-align: justify;\">Previsto en 12 etapas, este viaje es el resultado de 12 a\u00f1os de investigaciones llevadas a cabo por Borschberg y Piccard, que adem\u00e1s de un hito cient\u00edfico buscan transmitir un mensaje pol\u00edtico sobre la importancia de las energ\u00edas renovables. (fuente AFP)<\/p>\n","protected":false},"excerpt":{"rendered":"<p>El avi\u00f3n Solar Impulse 2, que aterriz\u00f3 el martes en India, segunda etapa de esta in\u00e9dita vuelta al mundo, bati\u00f3<\/p>\n","protected":false},"author":1,"featured_media":0,"comment_status":"open","ping_status":"open","sticky":false,"template":"","format":"standard","meta":{"footnotes":""},"categories":[8],"tags":[],"_links":{"self":[{"href":"https:\/\/www.ecuadoraldia.com.ec\/index.php?rest_route=\/wp\/v2\/posts\/7829"}],"collection":[{"href":"https:\/\/www.ecuadoraldia.com.ec\/index.php?rest_route=\/wp\/v2\/posts"}],"about":[{"href":"https:\/\/www.ecuadoraldia.com.ec\/index.php?rest_route=\/wp\/v2\/types\/post"}],"author":[{"embeddable":true,"href":"https:\/\/www.ecuadoraldia.com.ec\/index.php?rest_route=\/wp\/v2\/users\/1"}],"replies":[{"embeddable":true,"href":"https:\/\/www.ecuadoraldia.com.ec\/index.php?rest_route=%2Fwp%2Fv2%2Fcomments&post=7829"}],"version-history":[{"count":1,"href":"https:\/\/www.ecuadoraldia.com.ec\/index.php?rest_route=\/wp\/v2\/posts\/7829\/revisions"}],"predecessor-version":[{"id":7831,"href":"https:\/\/www.ecuadoraldia.com.ec\/index.php?rest_route=\/wp\/v2\/posts\/7829\/revisions\/7831"}],"wp:attachment":[{"href":"https:\/\/www.ecuadoraldia.com.ec\/index.php?rest_route=%2Fwp%2Fv2%2Fmedia&parent=7829"}],"wp:term":[{"taxonomy":"category","embeddable":true,"href":"https:\/\/www.ecuadoraldia.com.ec\/index.php?rest_route=%2Fwp%2Fv2%2Fcategories&post=7829"},{"taxonomy":"post_tag","embeddable":true,"href":"https:\/\/www.ecuadoraldia.com.ec\/index.php?rest_route=%2Fwp%2Fv2%2Ftags&post=7829"}],"curies":[{"name":"wp","href":"https:\/\/api.w.org\/{rel}","templated":true}]}}