{"id":7835,"date":"2015-03-12T00:26:54","date_gmt":"2015-03-12T00:26:54","guid":{"rendered":"http:\/\/www.ecuadoraldia.com.ec\/?p=7835"},"modified":"2015-03-12T00:26:54","modified_gmt":"2015-03-12T00:26:54","slug":"unos-800-hinchas-colombianos-fueron-expulsados-por-desordenes-de-playas-de-ecuador","status":"publish","type":"post","link":"https:\/\/www.ecuadoraldia.com.ec\/?p=7835","title":{"rendered":"Unos 800 hinchas colombianos fueron expulsados por des\u00f3rdenes de playas de Ecuador"},"content":{"rendered":"<figure id=\"attachment_7836\" aria-describedby=\"caption-attachment-7836\" style=\"width: 281px\" class=\"wp-caption alignleft\"><a href=\"http:\/\/www.ecuadoraldia.com.ec\/wp-content\/uploads\/2015\/03\/gente-col.jpg\"><img loading=\"lazy\" decoding=\"async\" class=\"size-medium wp-image-7836\" src=\"http:\/\/www.ecuadoraldia.com.ec\/wp-content\/uploads\/2015\/03\/gente-col-281x300.jpg\" alt=\"Residentes de Monta\u00f1ita denunciaron el robo de cerveza y refrescos por parte de los aficionados.\" width=\"281\" height=\"300\" srcset=\"https:\/\/www.ecuadoraldia.com.ec\/wp-content\/uploads\/2015\/03\/gente-col-281x300.jpg 281w, https:\/\/www.ecuadoraldia.com.ec\/wp-content\/uploads\/2015\/03\/gente-col.jpg 331w\" sizes=\"(max-width: 281px) 100vw, 281px\" \/><\/a><figcaption id=\"caption-attachment-7836\" class=\"wp-caption-text\">Residentes de Monta\u00f1ita denunciaron el robo de cerveza y refrescos por parte de los aficionados.<\/figcaption><\/figure>\n<p style=\"text-align: justify;\">Unos 800 fan\u00e1ticos del club colombiano Atl\u00e9tico Nacional fueron expulsados de dos poblados tur\u00edsticos del suroeste de Ecuador tras protagonizar des\u00f3rdenes, inform\u00f3 el mi\u00e9rcoles la polic\u00eda.<\/p>\n<p style=\"text-align: justify;\">Los hinchas llegaron en varios buses la noche del lunes a las playas de Monta\u00f1ita y Ol\u00f3n (suroeste) antes de asistir al juego que disputar\u00e1n este mi\u00e9rcoles Barcelona y Atl\u00e9tico Nacional por la Copa Libertadores de Am\u00e9rica-2015, en el puerto vecino de Guayaquil.<\/p>\n<p style=\"text-align: justify;\">Los colombianos protagonizaron desmanes, da\u00f1aron caba\u00f1as y pintaron grafitis, por lo que los pobladores los declararon personas \u00abnon gratas\u00bb y pidieron ayuda a la polic\u00eda para forzar su salida el martes en la noche.<\/p>\n<p style=\"text-align: justify;\">\u00abEn Ol\u00f3n hubo un poco m\u00e1s de desmanes. Ah\u00ed destrozaron una caseta\u00bb, dijo a la AFP una fuente de la Polic\u00eda de Monta\u00f1ita que pidi\u00f3 no ser identificada.<\/p>\n<p style=\"text-align: justify;\">Seg\u00fan esa versi\u00f3n, los lugare\u00f1os denunciaron el robo de cerveza y refrescos por parte de los aficionados.<\/p>\n<p style=\"text-align: justify;\">Un empleado de un hotel en Monta\u00f1ita relat\u00f3 a la AFP, tambi\u00e9n bajo reserva, que varios hinchas portaban armas blancas y hurtaron mercanc\u00eda en algunos comercios.<\/p>\n<p style=\"text-align: justify;\">Tras su expulsi\u00f3n, los colombianos se dirigieron a la ciudad de Guayaquil.(Fuente AFP)<\/p>\n","protected":false},"excerpt":{"rendered":"<p>Unos 800 fan\u00e1ticos del club colombiano Atl\u00e9tico Nacional fueron expulsados de dos poblados tur\u00edsticos del suroeste de Ecuador tras protagonizar<\/p>\n","protected":false},"author":1,"featured_media":0,"comment_status":"open","ping_status":"open","sticky":false,"template":"","format":"standard","meta":{"footnotes":""},"categories":[10],"tags":[],"_links":{"self":[{"href":"https:\/\/www.ecuadoraldia.com.ec\/index.php?rest_route=\/wp\/v2\/posts\/7835"}],"collection":[{"href":"https:\/\/www.ecuadoraldia.com.ec\/index.php?rest_route=\/wp\/v2\/posts"}],"about":[{"href":"https:\/\/www.ecuadoraldia.com.ec\/index.php?rest_route=\/wp\/v2\/types\/post"}],"author":[{"embeddable":true,"href":"https:\/\/www.ecuadoraldia.com.ec\/index.php?rest_route=\/wp\/v2\/users\/1"}],"replies":[{"embeddable":true,"href":"https:\/\/www.ecuadoraldia.com.ec\/index.php?rest_route=%2Fwp%2Fv2%2Fcomments&post=7835"}],"version-history":[{"count":1,"href":"https:\/\/www.ecuadoraldia.com.ec\/index.php?rest_route=\/wp\/v2\/posts\/7835\/revisions"}],"predecessor-version":[{"id":7837,"href":"https:\/\/www.ecuadoraldia.com.ec\/index.php?rest_route=\/wp\/v2\/posts\/7835\/revisions\/7837"}],"wp:attachment":[{"href":"https:\/\/www.ecuadoraldia.com.ec\/index.php?rest_route=%2Fwp%2Fv2%2Fmedia&parent=7835"}],"wp:term":[{"taxonomy":"category","embeddable":true,"href":"https:\/\/www.ecuadoraldia.com.ec\/index.php?rest_route=%2Fwp%2Fv2%2Fcategories&post=7835"},{"taxonomy":"post_tag","embeddable":true,"href":"https:\/\/www.ecuadoraldia.com.ec\/index.php?rest_route=%2Fwp%2Fv2%2Ftags&post=7835"}],"curies":[{"name":"wp","href":"https:\/\/api.w.org\/{rel}","templated":true}]}}