{"id":7842,"date":"2015-03-12T00:45:26","date_gmt":"2015-03-12T00:45:26","guid":{"rendered":"http:\/\/www.ecuadoraldia.com.ec\/?p=7842"},"modified":"2015-03-12T00:55:43","modified_gmt":"2015-03-12T00:55:43","slug":"supercom-a-la-ciudadania","status":"publish","type":"post","link":"https:\/\/www.ecuadoraldia.com.ec\/?p=7842","title":{"rendered":"SUPERCOM Rechaza injerencia de la SIP"},"content":{"rendered":"<p style=\"text-align: justify;\"><a href=\"http:\/\/www.ecuadoraldia.com.ec\/wp-content\/uploads\/2015\/03\/supercom.png\"><img loading=\"lazy\" decoding=\"async\" class=\"alignleft size-medium wp-image-7843\" src=\"http:\/\/www.ecuadoraldia.com.ec\/wp-content\/uploads\/2015\/03\/supercom-300x84.png\" alt=\"supercom\" width=\"300\" height=\"84\" srcset=\"https:\/\/www.ecuadoraldia.com.ec\/wp-content\/uploads\/2015\/03\/supercom-300x84.png 300w, https:\/\/www.ecuadoraldia.com.ec\/wp-content\/uploads\/2015\/03\/supercom.png 465w\" sizes=\"(max-width: 300px) 100vw, 300px\" \/><\/a>\u00a0La Superintendencia de la Informaci\u00f3n y Comunicaci\u00f3n a la ciudadan\u00eda<\/p>\n<p style=\"text-align: justify;\">El Art\u00edculo 1 de la Constituci\u00f3n de la Rep\u00fablica se\u00f1ala que el Ecuador es un Estado democr\u00e1tico, soberano e independiente, y que su soberan\u00eda radica en el pueblo, cuya voluntad es el fundamento de la autoridad.<\/p>\n<p style=\"text-align: justify;\">Esta autoridad la ejercen \u00fanica y exclusivamente los \u00f3rganos de poder p\u00fablico competentes como son los que se ejercen desde las funciones Ejecutiva, Legislativa, Judicial, Electoral y de Transparencia y Control Social.<\/p>\n<p style=\"text-align: justify;\">De igual manera, la Constituci\u00f3n y la Ley garantizan el derecho a opinar y expresar libremente el pensamiento de las personas, as\u00ed como faculta a toda persona agraviada o cuya honra y reputaci\u00f3n hayan sido afectadas por informaciones sin pruebas o inexactas, emitidas por los medios de comunicaci\u00f3n; a obtener la rectificaci\u00f3n, r\u00e9plica o respuesta.<\/p>\n<p style=\"text-align: justify;\">Por lo expuesto, este organismo de control rechaza la injerencia de la Sociedad Interamericana de Prensa (SIP), cuyo pronunciamiento no representa los intereses de millones de ecuatorianos, que en un acto democr\u00e1tico votaron \u201cS\u00cd\u201d por la creaci\u00f3n de una ley que regule a los medios de comunicaci\u00f3n; y, cuya voz hoy ha sido revalorizada y rescatada del silencio al que fue sometida durante d\u00e9cadas, en tanto que en este proceso de democratizaci\u00f3n de la palabra, hoy en d\u00eda la informaci\u00f3n se reconoce como un derecho constitucional y un bien p\u00fablico; as\u00ed como la comunicaci\u00f3n es exigida por nuestros ciudadanos ecuatorianos con est\u00e1ndares de calidad en virtud de haberse establecido como servicio p\u00fablico.<\/p>\n<p style=\"text-align: justify;\">A la Sociedad Interamericana de Prensa le preocupa que esta Superintendencia haya sancionado a 37 medios de comunicaci\u00f3n, pero nada se dice sobre los 113 ciudadanos y ciudadanas, que han llegado hasta este organismo con sus reclamos, advirtiendo que sus derechos de la informaci\u00f3n y comunicaci\u00f3n fueron vulnerados; y, requiriendo la intervenci\u00f3n de este Organismo T\u00e9cnico de Control en cumplimiento del m\u00e1s alto deber del Estado que consiste en respetar y hacer respetar los derechos garantizados en la Constituci\u00f3n e irradiados en la Ley.<\/p>\n<p style=\"text-align: justify;\">No hay peor violaci\u00f3n a la libertad de expresi\u00f3n que el silenciamiento de las mayor\u00edas en beneficio de unos pocos. Esta Superintendencia no persigue, democratiza, pluraliza y da voz al pueblo.<\/p>\n<p style=\"text-align: justify;\">En Ecuador ni un solo medio de comunicaci\u00f3n ha sido cerrado por la vigencia de la Ley de Comunicaci\u00f3n, misma que promueve el respeto a la honra y reputaci\u00f3n de las personas, proh\u00edbe la difusi\u00f3n de contenidos discriminatorios y violentos, protege los derechos de ni\u00f1os, ni\u00f1as y adolescentes, algo que al parecer a este gremio internacional le resulta persecutorio y censurador.(Fuente Supercom)<\/p>\n","protected":false},"excerpt":{"rendered":"<p>\u00a0La Superintendencia de la Informaci\u00f3n y Comunicaci\u00f3n a la ciudadan\u00eda El Art\u00edculo 1 de la Constituci\u00f3n de la Rep\u00fablica se\u00f1ala<\/p>\n","protected":false},"author":1,"featured_media":0,"comment_status":"open","ping_status":"open","sticky":false,"template":"","format":"standard","meta":{"footnotes":""},"categories":[3],"tags":[],"_links":{"self":[{"href":"https:\/\/www.ecuadoraldia.com.ec\/index.php?rest_route=\/wp\/v2\/posts\/7842"}],"collection":[{"href":"https:\/\/www.ecuadoraldia.com.ec\/index.php?rest_route=\/wp\/v2\/posts"}],"about":[{"href":"https:\/\/www.ecuadoraldia.com.ec\/index.php?rest_route=\/wp\/v2\/types\/post"}],"author":[{"embeddable":true,"href":"https:\/\/www.ecuadoraldia.com.ec\/index.php?rest_route=\/wp\/v2\/users\/1"}],"replies":[{"embeddable":true,"href":"https:\/\/www.ecuadoraldia.com.ec\/index.php?rest_route=%2Fwp%2Fv2%2Fcomments&post=7842"}],"version-history":[{"count":5,"href":"https:\/\/www.ecuadoraldia.com.ec\/index.php?rest_route=\/wp\/v2\/posts\/7842\/revisions"}],"predecessor-version":[{"id":7852,"href":"https:\/\/www.ecuadoraldia.com.ec\/index.php?rest_route=\/wp\/v2\/posts\/7842\/revisions\/7852"}],"wp:attachment":[{"href":"https:\/\/www.ecuadoraldia.com.ec\/index.php?rest_route=%2Fwp%2Fv2%2Fmedia&parent=7842"}],"wp:term":[{"taxonomy":"category","embeddable":true,"href":"https:\/\/www.ecuadoraldia.com.ec\/index.php?rest_route=%2Fwp%2Fv2%2Fcategories&post=7842"},{"taxonomy":"post_tag","embeddable":true,"href":"https:\/\/www.ecuadoraldia.com.ec\/index.php?rest_route=%2Fwp%2Fv2%2Ftags&post=7842"}],"curies":[{"name":"wp","href":"https:\/\/api.w.org\/{rel}","templated":true}]}}