{"id":7853,"date":"2015-03-12T18:15:44","date_gmt":"2015-03-12T18:15:44","guid":{"rendered":"http:\/\/www.ecuadoraldia.com.ec\/?p=7853"},"modified":"2015-03-12T18:15:44","modified_gmt":"2015-03-12T18:15:44","slug":"cita-de-cancilleres-de-la-unasur-sobre-venezuela-sera-el-sabado-en-quito","status":"publish","type":"post","link":"https:\/\/www.ecuadoraldia.com.ec\/?p=7853","title":{"rendered":"Cita de cancilleres de la Unasur sobre Venezuela ser\u00e1 el s\u00e1bado en Quito"},"content":{"rendered":"<p style=\"text-align: justify;\"><a href=\"http:\/\/www.ecuadoraldia.com.ec\/wp-content\/uploads\/2015\/03\/\u201cUnasur\u201d-solo-con.jpg\"><img loading=\"lazy\" decoding=\"async\" class=\"alignleft size-medium wp-image-7854\" src=\"http:\/\/www.ecuadoraldia.com.ec\/wp-content\/uploads\/2015\/03\/\u201cUnasur\u201d-solo-con-300x187.jpg\" alt=\"\u201cUnasur\u201d-solo-con\" width=\"300\" height=\"187\" srcset=\"https:\/\/www.ecuadoraldia.com.ec\/wp-content\/uploads\/2015\/03\/\u201cUnasur\u201d-solo-con-300x187.jpg 300w, https:\/\/www.ecuadoraldia.com.ec\/wp-content\/uploads\/2015\/03\/\u201cUnasur\u201d-solo-con.jpg 600w\" sizes=\"(max-width: 300px) 100vw, 300px\" \/><\/a>El canciller de Ecuador, Ricardo Pati\u00f1o, inform\u00f3 que la reuni\u00f3n extraordinaria de los cancilleres de la Uni\u00f3n de Naciones Suramericanas (Unasur) ser\u00e1 el s\u00e1bado en Quito, en la sede de la Secretar\u00eda General del organismo.<\/p>\n<p style=\"text-align: justify;\">El ministro confirm\u00f3 la nueva fecha en su cuenta en la red social Twitter. Ayer la cita, prevista inicialmente para hoy en Montevideo, fue postergada \u00abpor problemas de agenda\u00bb.<\/p>\n<p style=\"text-align: justify;\">\u00abConfirmado: Reuni\u00f3n extraordinaria de cancilleres de UNASUR ser\u00e1 el s\u00e1bado 14 marzo, en Quito, en la sede de la Secretar\u00eda General\u00bb, escribi\u00f3 hoy Pati\u00f1o.<\/p>\n<p style=\"text-align: justify;\">\u00abAnte una situaci\u00f3n tan grave como la que vivimos, como dijo el Viejo Luchador, Eloy Alfaro, &#8216;EN LA DEMORA EST\u00c1 EL PELIGRO'\u00bb, a\u00f1adi\u00f3.<\/p>\n<p style=\"text-align: justify;\">La cita de los cancilleres es preparatoria de un encuentro de jefes de Estado para analizar la decisi\u00f3n del presidente Barack Obama de declarar a Venezuela como \u00abamenaza extraordinaria e inusual\u00bb a la seguridad de Estados Unidos.<\/p>\n<p style=\"text-align: justify;\">El lunes, Washington impuso sanciones a siete funcionarios de Venezuela, que incluyen el congelamiento de bienes y la prohibici\u00f3n de entrada a Estados Unidos. Los responsables venezolanos son acusados por la Casa Blanca de violaciones de derechos humanos durante las protestas de hace un a\u00f1o contra el presidente Nicol\u00e1s Maduro, que dejaron 43 muertos.<\/p>\n<p style=\"text-align: justify;\">Maduro, en tanto, pidi\u00f3 al Congreso que le otorgue superpoderes en materia de seguridad para enfrentar \u00abla amenaza de Estados Unidos\u00bb y convoc\u00f3 a la poblaci\u00f3n a ejercicios militares de defensa, de alcance no especificado.<\/p>\n","protected":false},"excerpt":{"rendered":"<p>El canciller de Ecuador, Ricardo Pati\u00f1o, inform\u00f3 que la reuni\u00f3n extraordinaria de los cancilleres de la Uni\u00f3n de Naciones Suramericanas<\/p>\n","protected":false},"author":1,"featured_media":0,"comment_status":"open","ping_status":"open","sticky":false,"template":"","format":"standard","meta":{"footnotes":""},"categories":[1],"tags":[],"_links":{"self":[{"href":"https:\/\/www.ecuadoraldia.com.ec\/index.php?rest_route=\/wp\/v2\/posts\/7853"}],"collection":[{"href":"https:\/\/www.ecuadoraldia.com.ec\/index.php?rest_route=\/wp\/v2\/posts"}],"about":[{"href":"https:\/\/www.ecuadoraldia.com.ec\/index.php?rest_route=\/wp\/v2\/types\/post"}],"author":[{"embeddable":true,"href":"https:\/\/www.ecuadoraldia.com.ec\/index.php?rest_route=\/wp\/v2\/users\/1"}],"replies":[{"embeddable":true,"href":"https:\/\/www.ecuadoraldia.com.ec\/index.php?rest_route=%2Fwp%2Fv2%2Fcomments&post=7853"}],"version-history":[{"count":1,"href":"https:\/\/www.ecuadoraldia.com.ec\/index.php?rest_route=\/wp\/v2\/posts\/7853\/revisions"}],"predecessor-version":[{"id":7855,"href":"https:\/\/www.ecuadoraldia.com.ec\/index.php?rest_route=\/wp\/v2\/posts\/7853\/revisions\/7855"}],"wp:attachment":[{"href":"https:\/\/www.ecuadoraldia.com.ec\/index.php?rest_route=%2Fwp%2Fv2%2Fmedia&parent=7853"}],"wp:term":[{"taxonomy":"category","embeddable":true,"href":"https:\/\/www.ecuadoraldia.com.ec\/index.php?rest_route=%2Fwp%2Fv2%2Fcategories&post=7853"},{"taxonomy":"post_tag","embeddable":true,"href":"https:\/\/www.ecuadoraldia.com.ec\/index.php?rest_route=%2Fwp%2Fv2%2Ftags&post=7853"}],"curies":[{"name":"wp","href":"https:\/\/api.w.org\/{rel}","templated":true}]}}