{"id":7860,"date":"2015-03-14T00:08:19","date_gmt":"2015-03-14T00:08:19","guid":{"rendered":"http:\/\/www.ecuadoraldia.com.ec\/?p=7860"},"modified":"2015-03-14T00:08:19","modified_gmt":"2015-03-14T00:08:19","slug":"ecuador-informo-a-la-can-sobre-salvaguardia-de-balanza-de-pagos","status":"publish","type":"post","link":"https:\/\/www.ecuadoraldia.com.ec\/?p=7860","title":{"rendered":"Ecuador inform\u00f3 a la CAN sobre salvaguardia de balanza de pagos"},"content":{"rendered":"<figure id=\"attachment_7861\" aria-describedby=\"caption-attachment-7861\" style=\"width: 300px\" class=\"wp-caption alignleft\"><a href=\"http:\/\/www.ecuadoraldia.com.ec\/wp-content\/uploads\/2015\/03\/ricardo_patino_0.jpg\"><img loading=\"lazy\" decoding=\"async\" class=\"size-medium wp-image-7861\" src=\"http:\/\/www.ecuadoraldia.com.ec\/wp-content\/uploads\/2015\/03\/ricardo_patino_0-300x199.jpg\" alt=\"foto internet\" width=\"300\" height=\"199\" srcset=\"https:\/\/www.ecuadoraldia.com.ec\/wp-content\/uploads\/2015\/03\/ricardo_patino_0-300x199.jpg 300w, https:\/\/www.ecuadoraldia.com.ec\/wp-content\/uploads\/2015\/03\/ricardo_patino_0.jpg 700w\" sizes=\"(max-width: 300px) 100vw, 300px\" \/><\/a><figcaption id=\"caption-attachment-7861\" class=\"wp-caption-text\">foto internet<\/figcaption><\/figure>\n<p style=\"text-align: justify;\">El canciller Ricardo Pati\u00f1o se reuni\u00f3 hoy con los miembros de la Comunidad Andina de Naciones (CAN) para dar a conocer la decisi\u00f3n ecuatoriana sobre las salvaguardias de balanza de pagos.<\/p>\n<p style=\"text-align: justify;\">El encuentro se realiz\u00f3 en la sede de la Secretar\u00eda General, en Lima, Per\u00fa. En el encuentro tambi\u00e9n participaron los ministros de Comercio de los cuatro pa\u00edses que integran el organismo.<\/p>\n<p style=\"text-align: justify;\">\u201cEl Ecuador explic\u00f3 a los Cancilleres de Bolivia, Per\u00fa y Colombia los fundamentos, importancia y necesidad de nuestro pa\u00eds para establecer salvaguardias, que es una medida para nosotros indispensable por un tema de balanza de pagos, que est\u00e1 gravemente afectada por la ca\u00edda del precio del petr\u00f3leo, y que est\u00e1 absolutamente considerada en las normas de la Organizaci\u00f3n Mundial de Comercio (OMC). Nosotros entendemos la afectaci\u00f3n que pueden tener ellos, pero esperamos que ellos tambi\u00e9n nos entiendan a nosotros y encontremos alternativas que nos permitan integrar los intereses de ellos y los nuestros\u201d, dijo Pati\u00f1o, seg\u00fan un comunicado de prensa de la Canciller\u00eda.<\/p>\n<p style=\"text-align: justify;\">Pati\u00f1o se\u00f1al\u00f3 que en la CAN existi\u00f3 comprensi\u00f3n frente a la situaci\u00f3n ecuatoriana y en el encuentro se destac\u00f3 que la mayor\u00eda de los productos de Per\u00fa y Colombia no son afectados por las salvaguardias ecuatorianas. Resalt\u00f3 que en la medida no se haya incluido productos sensibles como las medicinas e insumos y equipos para la producci\u00f3n.<\/p>\n<p style=\"text-align: justify;\">El Ministro afirm\u00f3 que en el encuentro se acord\u00f3 que en los pr\u00f3ximos d\u00edas el Ministro de Comercio Exterior del Ecuador, Diego Aulestia, se reunir\u00e1 con sus pares de Colombia, Per\u00fa y Bolivia, para continuar con el an\u00e1lisis y \u201clograr el apoyo para este tema que para el pa\u00eds es emergente\u201d.<\/p>\n<p style=\"text-align: justify;\">\u201cEn este encuentro les hemos explicado la posible afectaci\u00f3n de la medida y hemos recibido comprensi\u00f3n por parte de ellos. Estamos conversando para encontrar una salida, esperamos que en las reuniones planificadas podamos tener una comprensi\u00f3n del tema y podamos tener el apoyo de la CAN, que para nosotros es tan importante\u201d, se\u00f1al\u00f3 el canciller, seg\u00fan el comunicado oficial.(fuente el tel\u00e9grafo)<\/p>\n","protected":false},"excerpt":{"rendered":"<p>El canciller Ricardo Pati\u00f1o se reuni\u00f3 hoy con los miembros de la Comunidad Andina de Naciones (CAN) para dar a<\/p>\n","protected":false},"author":1,"featured_media":0,"comment_status":"open","ping_status":"open","sticky":false,"template":"","format":"standard","meta":{"footnotes":""},"categories":[9,1],"tags":[],"_links":{"self":[{"href":"https:\/\/www.ecuadoraldia.com.ec\/index.php?rest_route=\/wp\/v2\/posts\/7860"}],"collection":[{"href":"https:\/\/www.ecuadoraldia.com.ec\/index.php?rest_route=\/wp\/v2\/posts"}],"about":[{"href":"https:\/\/www.ecuadoraldia.com.ec\/index.php?rest_route=\/wp\/v2\/types\/post"}],"author":[{"embeddable":true,"href":"https:\/\/www.ecuadoraldia.com.ec\/index.php?rest_route=\/wp\/v2\/users\/1"}],"replies":[{"embeddable":true,"href":"https:\/\/www.ecuadoraldia.com.ec\/index.php?rest_route=%2Fwp%2Fv2%2Fcomments&post=7860"}],"version-history":[{"count":1,"href":"https:\/\/www.ecuadoraldia.com.ec\/index.php?rest_route=\/wp\/v2\/posts\/7860\/revisions"}],"predecessor-version":[{"id":7862,"href":"https:\/\/www.ecuadoraldia.com.ec\/index.php?rest_route=\/wp\/v2\/posts\/7860\/revisions\/7862"}],"wp:attachment":[{"href":"https:\/\/www.ecuadoraldia.com.ec\/index.php?rest_route=%2Fwp%2Fv2%2Fmedia&parent=7860"}],"wp:term":[{"taxonomy":"category","embeddable":true,"href":"https:\/\/www.ecuadoraldia.com.ec\/index.php?rest_route=%2Fwp%2Fv2%2Fcategories&post=7860"},{"taxonomy":"post_tag","embeddable":true,"href":"https:\/\/www.ecuadoraldia.com.ec\/index.php?rest_route=%2Fwp%2Fv2%2Ftags&post=7860"}],"curies":[{"name":"wp","href":"https:\/\/api.w.org\/{rel}","templated":true}]}}