{"id":7863,"date":"2015-03-14T00:13:24","date_gmt":"2015-03-14T00:13:24","guid":{"rendered":"http:\/\/www.ecuadoraldia.com.ec\/?p=7863"},"modified":"2015-03-14T00:13:56","modified_gmt":"2015-03-14T00:13:56","slug":"ministerio-de-trabajo-desmiente-sobre-disminucion-de-sueldos-a-servidores-publicos","status":"publish","type":"post","link":"https:\/\/www.ecuadoraldia.com.ec\/?p=7863","title":{"rendered":"Ministerio de Trabajo desmiente sobre disminuci\u00f3n de sueldos a servidores p\u00fablicos"},"content":{"rendered":"<figure id=\"attachment_7864\" aria-describedby=\"caption-attachment-7864\" style=\"width: 237px\" class=\"wp-caption alignleft\"><a href=\"http:\/\/www.ecuadoraldia.com.ec\/wp-content\/uploads\/2015\/03\/trabajo.jpg\"><img loading=\"lazy\" decoding=\"async\" class=\"size-medium wp-image-7864\" src=\"http:\/\/www.ecuadoraldia.com.ec\/wp-content\/uploads\/2015\/03\/trabajo-237x300.jpg\" alt=\"Foto internet\" width=\"237\" height=\"300\" srcset=\"https:\/\/www.ecuadoraldia.com.ec\/wp-content\/uploads\/2015\/03\/trabajo-237x300.jpg 237w, https:\/\/www.ecuadoraldia.com.ec\/wp-content\/uploads\/2015\/03\/trabajo.jpg 429w\" sizes=\"(max-width: 237px) 100vw, 237px\" \/><\/a><figcaption id=\"caption-attachment-7864\" class=\"wp-caption-text\">Foto internet<\/figcaption><\/figure>\n<p>El Ministerio de Trabajo aclar\u00f3 que no hay una supuesta rebaja a los salarios de los servidores p\u00fablicos, basada en una publicaci\u00f3n de la herramienta \u00abLexis\u00bb.<\/p>\n<p>\u00abLa publicaci\u00f3n efectuada en la herramienta de consulta jur\u00eddica \u00abLexis\u00bb sobre la escala de remuneraciones de los puestos de carrera, no es la correcta\u00bb, se\u00f1al\u00f3 la Cartera de Estado, mediante un comunicado de prensa.<\/p>\n<p>Aseguran que la informaci\u00f3n que arroja el sistema corresponde a una tabla correspondiente al a\u00f1o 2009, \u00abque no es la actual ni vigente (la tabla actual es superior y est\u00e1 en vigencia desde el a\u00f1o 2012)\u00bb, recuerdan.<\/p>\n<p>Afirman que la Cartera de Estado solicita a la compa\u00f1\u00eda a cargo de esta herramienta rectificar esta informaci\u00f3n y, \u00abde esta manera, los servidores mantengan la tranquilidad del caso\u00bb.<\/p>\n<p>Asegura que en ciertas entidades del sector p\u00fablico, \u00abse ha rumorado sobre este hecho, que reiteramos no es cierto\u00bb.(Fuente el tel\u00e9frafo)<\/p>\n","protected":false},"excerpt":{"rendered":"<p>El Ministerio de Trabajo aclar\u00f3 que no hay una supuesta rebaja a los salarios de los servidores p\u00fablicos, basada en<\/p>\n","protected":false},"author":1,"featured_media":0,"comment_status":"open","ping_status":"open","sticky":false,"template":"","format":"standard","meta":{"footnotes":""},"categories":[4],"tags":[],"_links":{"self":[{"href":"https:\/\/www.ecuadoraldia.com.ec\/index.php?rest_route=\/wp\/v2\/posts\/7863"}],"collection":[{"href":"https:\/\/www.ecuadoraldia.com.ec\/index.php?rest_route=\/wp\/v2\/posts"}],"about":[{"href":"https:\/\/www.ecuadoraldia.com.ec\/index.php?rest_route=\/wp\/v2\/types\/post"}],"author":[{"embeddable":true,"href":"https:\/\/www.ecuadoraldia.com.ec\/index.php?rest_route=\/wp\/v2\/users\/1"}],"replies":[{"embeddable":true,"href":"https:\/\/www.ecuadoraldia.com.ec\/index.php?rest_route=%2Fwp%2Fv2%2Fcomments&post=7863"}],"version-history":[{"count":1,"href":"https:\/\/www.ecuadoraldia.com.ec\/index.php?rest_route=\/wp\/v2\/posts\/7863\/revisions"}],"predecessor-version":[{"id":7865,"href":"https:\/\/www.ecuadoraldia.com.ec\/index.php?rest_route=\/wp\/v2\/posts\/7863\/revisions\/7865"}],"wp:attachment":[{"href":"https:\/\/www.ecuadoraldia.com.ec\/index.php?rest_route=%2Fwp%2Fv2%2Fmedia&parent=7863"}],"wp:term":[{"taxonomy":"category","embeddable":true,"href":"https:\/\/www.ecuadoraldia.com.ec\/index.php?rest_route=%2Fwp%2Fv2%2Fcategories&post=7863"},{"taxonomy":"post_tag","embeddable":true,"href":"https:\/\/www.ecuadoraldia.com.ec\/index.php?rest_route=%2Fwp%2Fv2%2Ftags&post=7863"}],"curies":[{"name":"wp","href":"https:\/\/api.w.org\/{rel}","templated":true}]}}