{"id":7866,"date":"2015-03-14T00:18:07","date_gmt":"2015-03-14T00:18:07","guid":{"rendered":"http:\/\/www.ecuadoraldia.com.ec\/?p=7866"},"modified":"2015-03-14T00:18:07","modified_gmt":"2015-03-14T00:18:07","slug":"fiscalia-pide-a-tribunal-que-sentencie-a-pedro-d-como-autor-de-peculado-bancario","status":"publish","type":"post","link":"https:\/\/www.ecuadoraldia.com.ec\/?p=7866","title":{"rendered":"Fiscal\u00eda pide a tribunal que sentencie a Pedro D. como autor de peculado bancario"},"content":{"rendered":"<p><a href=\"http:\/\/www.ecuadoraldia.com.ec\/wp-content\/uploads\/2015\/03\/fachada_fiscalia_.jpg\"><img loading=\"lazy\" decoding=\"async\" class=\"alignleft size-medium wp-image-7867\" src=\"http:\/\/www.ecuadoraldia.com.ec\/wp-content\/uploads\/2015\/03\/fachada_fiscalia_-300x160.jpg\" alt=\"fachada_fiscalia_\" width=\"300\" height=\"160\" srcset=\"https:\/\/www.ecuadoraldia.com.ec\/wp-content\/uploads\/2015\/03\/fachada_fiscalia_-300x160.jpg 300w, https:\/\/www.ecuadoraldia.com.ec\/wp-content\/uploads\/2015\/03\/fachada_fiscalia_.jpg 424w\" sizes=\"(max-width: 300px) 100vw, 300px\" \/><\/a>En el d\u00e9cimo d\u00eda de la audiencia de juzgamiento en el caso Cofiec, la Fiscal\u00eda solicit\u00f3 a la Sala Penal de la Corte Nacional de Justicia (CNJ) que sentencie a Pedro D. como autor del delito de peculado bancario.<\/p>\n<p style=\"text-align: justify;\">El pedido se sustenta en las pruebas presentadas a lo largo de la audiencia.<\/p>\n<p style=\"text-align: justify;\">Pedro D. es acusado de haber participado en la concesi\u00f3n del cr\u00e9dito sin garant\u00edas al argentino Gast\u00f3n D., por $ 800 mil en diciembre de 2011.<\/p>\n<p style=\"text-align: justify;\">El delito de peculado est\u00e1 tipificado en el Art. 257 A del C\u00f3digo Penal anterior, con una pena de 4 a 8 a\u00f1os de reclusi\u00f3n mayor.<\/p>\n<p style=\"text-align: justify;\">La Fiscal\u00eda indic\u00f3 que Xavier Cazar, abogado de la acusaci\u00f3n particular, hizo la misma solicitud al Tribunal y, adem\u00e1s, pidi\u00f3 que se le imponga la \u00abpena m\u00e1xima\u00bb.<\/p>\n<p style=\"text-align: justify;\">En noviembre de 2014, el Ministerio P\u00fablico inici\u00f3 los tr\u00e1mites para lograr la extradici\u00f3n de Pedro D. desde Estados Unidos y de Gast\u00f3n D. desde Argentina.<\/p>\n<p style=\"text-align: justify;\">La investigaci\u00f3n se centra en la supuesta concesi\u00f3n irregular del pr\u00e9stamo por parte del Banco Cofiec, administrado por el Estado ecuatoriano a trav\u00e9s del fideicomiso No M\u00e1s Impunidad.<\/p>\n<p style=\"text-align: justify;\">Pedro D. administraba entonces esa entidad y adem\u00e1s era presidente del Banco Central del Ecuador.<\/p>\n<p style=\"text-align: justify;\">Adem\u00e1s de Pedro D. y Gast\u00f3n D. Delgado, se juzga a otras 7 personas acusadas de participar en distinto grado en los hechos.(Fuente el tel\u00e9grafo)<\/p>\n","protected":false},"excerpt":{"rendered":"<p>En el d\u00e9cimo d\u00eda de la audiencia de juzgamiento en el caso Cofiec, la Fiscal\u00eda solicit\u00f3 a la Sala Penal<\/p>\n","protected":false},"author":1,"featured_media":0,"comment_status":"open","ping_status":"open","sticky":false,"template":"","format":"standard","meta":{"footnotes":""},"categories":[5],"tags":[],"_links":{"self":[{"href":"https:\/\/www.ecuadoraldia.com.ec\/index.php?rest_route=\/wp\/v2\/posts\/7866"}],"collection":[{"href":"https:\/\/www.ecuadoraldia.com.ec\/index.php?rest_route=\/wp\/v2\/posts"}],"about":[{"href":"https:\/\/www.ecuadoraldia.com.ec\/index.php?rest_route=\/wp\/v2\/types\/post"}],"author":[{"embeddable":true,"href":"https:\/\/www.ecuadoraldia.com.ec\/index.php?rest_route=\/wp\/v2\/users\/1"}],"replies":[{"embeddable":true,"href":"https:\/\/www.ecuadoraldia.com.ec\/index.php?rest_route=%2Fwp%2Fv2%2Fcomments&post=7866"}],"version-history":[{"count":1,"href":"https:\/\/www.ecuadoraldia.com.ec\/index.php?rest_route=\/wp\/v2\/posts\/7866\/revisions"}],"predecessor-version":[{"id":7868,"href":"https:\/\/www.ecuadoraldia.com.ec\/index.php?rest_route=\/wp\/v2\/posts\/7866\/revisions\/7868"}],"wp:attachment":[{"href":"https:\/\/www.ecuadoraldia.com.ec\/index.php?rest_route=%2Fwp%2Fv2%2Fmedia&parent=7866"}],"wp:term":[{"taxonomy":"category","embeddable":true,"href":"https:\/\/www.ecuadoraldia.com.ec\/index.php?rest_route=%2Fwp%2Fv2%2Fcategories&post=7866"},{"taxonomy":"post_tag","embeddable":true,"href":"https:\/\/www.ecuadoraldia.com.ec\/index.php?rest_route=%2Fwp%2Fv2%2Ftags&post=7866"}],"curies":[{"name":"wp","href":"https:\/\/api.w.org\/{rel}","templated":true}]}}