{"id":7869,"date":"2015-03-14T00:21:11","date_gmt":"2015-03-14T00:21:11","guid":{"rendered":"http:\/\/www.ecuadoraldia.com.ec\/?p=7869"},"modified":"2015-03-14T00:21:11","modified_gmt":"2015-03-14T00:21:11","slug":"hay-que-seguir-apoyando-a-assange-porque-la-batalla-no-ha-terminado","status":"publish","type":"post","link":"https:\/\/www.ecuadoraldia.com.ec\/?p=7869","title":{"rendered":"\u201cHay que seguir apoyando a Assange porque la batalla no ha terminado\u201d"},"content":{"rendered":"<p style=\"text-align: justify;\"><a href=\"http:\/\/www.ecuadoraldia.com.ec\/wp-content\/uploads\/2015\/03\/Kristinn-Hrafnsson.jpg\"><img loading=\"lazy\" decoding=\"async\" class=\"alignleft size-medium wp-image-7870\" src=\"http:\/\/www.ecuadoraldia.com.ec\/wp-content\/uploads\/2015\/03\/Kristinn-Hrafnsson-300x169.jpg\" alt=\"Kristinn-Hrafnsson\" width=\"300\" height=\"169\" srcset=\"https:\/\/www.ecuadoraldia.com.ec\/wp-content\/uploads\/2015\/03\/Kristinn-Hrafnsson-300x169.jpg 300w, https:\/\/www.ecuadoraldia.com.ec\/wp-content\/uploads\/2015\/03\/Kristinn-Hrafnsson.jpg 450w\" sizes=\"(max-width: 300px) 100vw, 300px\" \/><\/a>Leonardo Boix, corresponsal en Londres. La decisi\u00f3n de la Fiscal\u00eda sueca de aceptar interrogar a Julian Assange en la Embajada de Ecuador en Londres \u201ces una importante victoria\u201d y \u201cun paso muy positivo en pos de resolver el caso\u201d, aunque demuestra \u201cla farsa absoluta de justicia\u201d en Suecia, denunci\u00f3 el portavoz del fundador de WikiLeaks, Kristinn Hrafnsson, en una entrevista exclusiva con EL TEL\u00c9GRAFO.<\/p>\n<p style=\"text-align: justify;\">Hrafnsson consider\u00f3 adem\u00e1s que el anuncio de la Fiscal General sueca, Marianne Ny, habr\u00eda sido ideado para \u201cinfluenciar\u201d a la Corte Suprema de ese pa\u00eds, que al comienzo de la semana decidi\u00f3 aprobar un pedido de apelaci\u00f3n de Assange para que se levante la orden europea de detenci\u00f3n y captura en su contra por el caso de supuestos abusos sexuales a 2 mujeres suecas en agosto de 2010.<\/p>\n<p style=\"text-align: justify;\">Suecia cursar\u00e1 una solicitud de ayuda jur\u00eddica al Reino Unido y otra a Ecuador para que el interrogatorio y una prueba de ADN se realicen en la embajada ecuatoriana en la capital brit\u00e1nica. La fiscal adjunta en el caso, Ingrid Isgren, y un investigador policial ser\u00edan los encargados de viajar a Londres.<\/p>\n<p style=\"text-align: justify;\">Durante la entrevista con Hrafnsson, el portavoz del australiano hizo adem\u00e1s un llamado a los miles de seguidores de Assange a seguir apoy\u00e1ndolo a \u00e9l y al grupo WikiLeaks \u201cporque la batalla a\u00fan no ha terminado\u201d.<\/p>\n<p style=\"text-align: justify;\">\u00bfQu\u00e9 piensa de la decisi\u00f3n de la Fiscal\u00eda sueca de finalmente aceptar interrogar en Londres a Julian Assange?<\/p>\n<p style=\"text-align: justify;\">\u201cEsto debe ser considerado como una victoria importante para Julian Assange, pero al mismo tiempo es absolutamente incre\u00edble que le llevara a los fiscales cuatro a\u00f1os y medio llegar a esta conclusi\u00f3n, especialmente despu\u00e9s de haber dicho una y otra vez que ser\u00eda ilegal para la Fiscal\u00eda conducir el interrogatorio en Londres. Tambi\u00e9n es interesante saber porqu\u00e9 la Fiscal General sueca, Marianne Ny, mantiene que la entrevista en Londres ser\u00eda de \u2018peor calidad\u2019 que si se realizara en Suecia. Esto es algo que encuentro absolutamente incre\u00edble y necesita de clarificaci\u00f3n.<\/p>\n<p style=\"text-align: justify;\">\u00bfPor qu\u00e9 piensa que la fiscal Ny pone \u00e9nfasis en esta cuesti\u00f3n de la \u2018baja calidad\u2019 de un interrogatorio en la Embajada ecuatoriana?<\/p>\n<p style=\"text-align: justify;\">\u201cNo tengo ninguna idea. Y creo que hay que demandarle a la se\u00f1ora Ny que clarifique de inmediato esta posici\u00f3n sobre esto\u201d, destac\u00f3.<\/p>\n<p style=\"text-align: justify;\">\u00bfC\u00f3mo recibi\u00f3 Julian Assange la noticia de la Fiscal\u00eda? \u00bfC\u00f3mo est\u00e1 viviendo estos momentos dentro de la Embajada de Ecuador en Londres?<\/p>\n<p style=\"text-align: justify;\">\u201c\u00c9l lo ha tomado muy positivamente, est\u00e1 contento, y piensa que despu\u00e9s de todos estos a\u00f1os hay un avance en el caso. \u00c9l hab\u00eda ofrecido que se lo interrogara en Londres desde hace casi cinco a\u00f1os, as\u00ed que esto es claramente un avance.(El Tel\u00e9grafo)<\/p>\n","protected":false},"excerpt":{"rendered":"<p>Leonardo Boix, corresponsal en Londres. La decisi\u00f3n de la Fiscal\u00eda sueca de aceptar interrogar a Julian Assange en la Embajada<\/p>\n","protected":false},"author":1,"featured_media":0,"comment_status":"open","ping_status":"open","sticky":false,"template":"","format":"standard","meta":{"footnotes":""},"categories":[5],"tags":[],"_links":{"self":[{"href":"https:\/\/www.ecuadoraldia.com.ec\/index.php?rest_route=\/wp\/v2\/posts\/7869"}],"collection":[{"href":"https:\/\/www.ecuadoraldia.com.ec\/index.php?rest_route=\/wp\/v2\/posts"}],"about":[{"href":"https:\/\/www.ecuadoraldia.com.ec\/index.php?rest_route=\/wp\/v2\/types\/post"}],"author":[{"embeddable":true,"href":"https:\/\/www.ecuadoraldia.com.ec\/index.php?rest_route=\/wp\/v2\/users\/1"}],"replies":[{"embeddable":true,"href":"https:\/\/www.ecuadoraldia.com.ec\/index.php?rest_route=%2Fwp%2Fv2%2Fcomments&post=7869"}],"version-history":[{"count":1,"href":"https:\/\/www.ecuadoraldia.com.ec\/index.php?rest_route=\/wp\/v2\/posts\/7869\/revisions"}],"predecessor-version":[{"id":7871,"href":"https:\/\/www.ecuadoraldia.com.ec\/index.php?rest_route=\/wp\/v2\/posts\/7869\/revisions\/7871"}],"wp:attachment":[{"href":"https:\/\/www.ecuadoraldia.com.ec\/index.php?rest_route=%2Fwp%2Fv2%2Fmedia&parent=7869"}],"wp:term":[{"taxonomy":"category","embeddable":true,"href":"https:\/\/www.ecuadoraldia.com.ec\/index.php?rest_route=%2Fwp%2Fv2%2Fcategories&post=7869"},{"taxonomy":"post_tag","embeddable":true,"href":"https:\/\/www.ecuadoraldia.com.ec\/index.php?rest_route=%2Fwp%2Fv2%2Ftags&post=7869"}],"curies":[{"name":"wp","href":"https:\/\/api.w.org\/{rel}","templated":true}]}}