{"id":7876,"date":"2015-03-16T12:25:03","date_gmt":"2015-03-16T12:25:03","guid":{"rendered":"http:\/\/www.ecuadoraldia.com.ec\/?p=7876"},"modified":"2015-03-16T12:25:03","modified_gmt":"2015-03-16T12:25:03","slug":"barcelona-respira-gracias-a-esterilla-y-de-jesus","status":"publish","type":"post","link":"https:\/\/www.ecuadoraldia.com.ec\/?p=7876","title":{"rendered":"Barcelona \u2018respira\u2019 gracias a Esterilla y De Jes\u00fas"},"content":{"rendered":"<p style=\"text-align: justify;\"><a href=\"http:\/\/www.ecuadoraldia.com.ec\/wp-content\/uploads\/2015\/03\/dpte-barcelona-c.jpg\"><img loading=\"lazy\" decoding=\"async\" class=\"alignleft size-medium wp-image-7877\" src=\"http:\/\/www.ecuadoraldia.com.ec\/wp-content\/uploads\/2015\/03\/dpte-barcelona-c-300x206.jpg\" alt=\"dpte-barcelona-c\" width=\"300\" height=\"206\" srcset=\"https:\/\/www.ecuadoraldia.com.ec\/wp-content\/uploads\/2015\/03\/dpte-barcelona-c-300x206.jpg 300w, https:\/\/www.ecuadoraldia.com.ec\/wp-content\/uploads\/2015\/03\/dpte-barcelona-c.jpg 450w\" sizes=\"(max-width: 300px) 100vw, 300px\" \/><\/a>Marlon De Jes\u00fas hizo una confesi\u00f3n reveladora anoche, despu\u00e9s del triunfo de Barcelona 2-0 sobre Deportivo Cuenca. El delantero, luego de salir del camerino, cont\u00f3 que hab\u00eda so\u00f1ado que entraba un minuto antes de que concluyera el partido y que, en la primera pelota que tocaba, marcaba el gol del triunfo de los \u2018canarios\u2019.<\/p>\n<p style=\"text-align: justify;\">En ese sue\u00f1o, Marlon corr\u00eda a la Sur Oscura y le dedicaba el tanto. Sus compa\u00f1eros lo abrazaban y el t\u00e9cnico Rub\u00e9n Israel sal\u00eda de la zona t\u00e9cnica para festejar con sus jugadores. Al final del partido era cargado en hombros y aplaudido.<\/p>\n<p style=\"text-align: justify;\">Esa historia se hizo realidad ayer en el estadio Monumental, aunque de forma parcial. Marlon s\u00ed marc\u00f3 un tanto, pero no fue el del triunfo sino el que tranquiliz\u00f3 a la afici\u00f3n y sentenci\u00f3 el partido a favor de su club. Ese gol no fue a los 89 minutos sino a los 86. En el sue\u00f1o celebraba euf\u00f3rico, pero en la realidad lo hizo con bronca, con pocos compa\u00f1eros a su alrededor. Solo se\u00f1al\u00f3 a \u00c1lex Col\u00f3n y le dedic\u00f3 el tanto. Ely Esterilla se acerc\u00f3, lo felicit\u00f3, pero se retir\u00f3 inmediatamente. No fue cargado en hombros, pero s\u00ed despedido con aplausos.<\/p>\n<p style=\"text-align: justify;\">El ingreso de Marlon confirma que a Israel, a diferencia de lo ocurrido durante los 5 partidos que Barcelona perdi\u00f3 consecutivamente, le funcionaron las variantes.<\/p>\n<p style=\"text-align: justify;\">El ingreso de Ely Esterilla fue acertado porque el bajo desempe\u00f1o del juvenil Carlos Oliveros en el primer tiempo hizo que Barcelona luciera como si estuviera con un jugador menos en la cancha. Nunca pudo dar una asistencia correcta. Lleg\u00f3 a destiempo a la hora de marcar y sus desbordes por la banda derecha fueron intrascendentes. Adem\u00e1s luci\u00f3 nervioso e impreciso.<\/p>\n<p style=\"text-align: justify;\">La variante de \u00c9dison Vega por \u00c1lex Col\u00f3n -otro jugador que rest\u00f3 y cuyo aporte ofensivo fue nulo- tambi\u00e9n benefici\u00f3 al equipo \u2018torero\u2019. Su ingreso fortaleci\u00f3 el medio campo y permiti\u00f3 a Mat\u00edas Oyola desprenderse m\u00e1s hacia el ataque.<\/p>\n<p style=\"text-align: justify;\">Justamente despu\u00e9s del partido, Israel dijo que destacaba el \u201cperfecto entendimiento\u201d de la l\u00ednea de 4 defensas con los volantes de recuperaci\u00f3n. El argentino Alejandro Frezzotti estuvo m\u00e1s participativo y atento en la marca.<\/p>\n<p style=\"text-align: justify;\">Jos\u00e9 Luis Perlaza y Luis Checa no se desconcentraron. Muestra de aquello es que este es el primer partido de la temporada en que Barcelona no recibe goles.<\/p>\n<p style=\"text-align: justify;\">Deportivo Cuenca no fue un rival exigente. Por el contrario, le apost\u00f3 al contragolpe y a trav\u00e9s de esa estrategia gener\u00f3 un par de jugadas de peligro que no fueron aprovechadas.<\/p>\n<p style=\"text-align: justify;\">Con el ingreso de Luis Bola\u00f1os en el segundo tiempo, el t\u00e9cnico Pa\u00fal V\u00e9lez intent\u00f3 darle m\u00e1s sorpresa al juego ofensivo del Cuenca, pero su aporte fue escaso.<\/p>\n<p style=\"text-align: justify;\">Pese a la victoria, que representa una inyecci\u00f3n an\u00edmica de cara al partido de Libertadores de este jueves ante Atl\u00e9tico Nacional de Medell\u00edn, Barcelona no muestra s\u00edntomas claros de que su juego ha mejorado.<\/p>\n<p style=\"text-align: justify;\">Hubo un gesto del uruguayo Brahian Alem\u00e1n que refleja aquello. Durante el primer tiempo, cuando Barcelona jugaba mal, abri\u00f3 los brazos en varias ocasiones como intentando buscar una explicaci\u00f3n ante la falta de imaginaci\u00f3n de sus compa\u00f1eros Col\u00f3n, Oliveros e Ismael Blanco, para desmarcarse y recibir la pelota.<\/p>\n<p style=\"text-align: justify;\">\u201cBarcelona necesitaba este respiro\u201d, dijo al final del partido el capit\u00e1n Mat\u00edas Oyola. Esa frase, aunque dicha en otras palabras, fue com\u00fan en el an\u00e1lisis de los jugadores.<\/p>\n<p style=\"text-align: justify;\">Francisco Hidalgo, presidente de la Comisi\u00f3n de F\u00fatbol de Barcelona, volvi\u00f3 a ratificar a Israel en su cargo. Barcelona respira. (El Tel\u00e9grafo)<\/p>\n","protected":false},"excerpt":{"rendered":"<p>Marlon De Jes\u00fas hizo una confesi\u00f3n reveladora anoche, despu\u00e9s del triunfo de Barcelona 2-0 sobre Deportivo Cuenca. El delantero, luego<\/p>\n","protected":false},"author":1,"featured_media":0,"comment_status":"open","ping_status":"open","sticky":false,"template":"","format":"standard","meta":{"footnotes":""},"categories":[10],"tags":[],"_links":{"self":[{"href":"https:\/\/www.ecuadoraldia.com.ec\/index.php?rest_route=\/wp\/v2\/posts\/7876"}],"collection":[{"href":"https:\/\/www.ecuadoraldia.com.ec\/index.php?rest_route=\/wp\/v2\/posts"}],"about":[{"href":"https:\/\/www.ecuadoraldia.com.ec\/index.php?rest_route=\/wp\/v2\/types\/post"}],"author":[{"embeddable":true,"href":"https:\/\/www.ecuadoraldia.com.ec\/index.php?rest_route=\/wp\/v2\/users\/1"}],"replies":[{"embeddable":true,"href":"https:\/\/www.ecuadoraldia.com.ec\/index.php?rest_route=%2Fwp%2Fv2%2Fcomments&post=7876"}],"version-history":[{"count":1,"href":"https:\/\/www.ecuadoraldia.com.ec\/index.php?rest_route=\/wp\/v2\/posts\/7876\/revisions"}],"predecessor-version":[{"id":7878,"href":"https:\/\/www.ecuadoraldia.com.ec\/index.php?rest_route=\/wp\/v2\/posts\/7876\/revisions\/7878"}],"wp:attachment":[{"href":"https:\/\/www.ecuadoraldia.com.ec\/index.php?rest_route=%2Fwp%2Fv2%2Fmedia&parent=7876"}],"wp:term":[{"taxonomy":"category","embeddable":true,"href":"https:\/\/www.ecuadoraldia.com.ec\/index.php?rest_route=%2Fwp%2Fv2%2Fcategories&post=7876"},{"taxonomy":"post_tag","embeddable":true,"href":"https:\/\/www.ecuadoraldia.com.ec\/index.php?rest_route=%2Fwp%2Fv2%2Ftags&post=7876"}],"curies":[{"name":"wp","href":"https:\/\/api.w.org\/{rel}","templated":true}]}}