{"id":7879,"date":"2015-03-16T12:27:28","date_gmt":"2015-03-16T12:27:28","guid":{"rendered":"http:\/\/www.ecuadoraldia.com.ec\/?p=7879"},"modified":"2015-03-16T12:27:28","modified_gmt":"2015-03-16T12:27:28","slug":"indigenas-y-gobierno-retoman-el-dialogo","status":"publish","type":"post","link":"https:\/\/www.ecuadoraldia.com.ec\/?p=7879","title":{"rendered":"Ind\u00edgenas y Gobierno retoman el di\u00e1logo"},"content":{"rendered":"<p style=\"text-align: justify;\"><a href=\"http:\/\/www.ecuadoraldia.com.ec\/wp-content\/uploads\/2015\/03\/politica-portada.jpg\"><img loading=\"lazy\" decoding=\"async\" class=\"alignleft size-medium wp-image-7880\" src=\"http:\/\/www.ecuadoraldia.com.ec\/wp-content\/uploads\/2015\/03\/politica-portada-300x140.jpg\" alt=\"politica-portada\" width=\"300\" height=\"140\" srcset=\"https:\/\/www.ecuadoraldia.com.ec\/wp-content\/uploads\/2015\/03\/politica-portada-300x140.jpg 300w, https:\/\/www.ecuadoraldia.com.ec\/wp-content\/uploads\/2015\/03\/politica-portada.jpg 450w\" sizes=\"(max-width: 300px) 100vw, 300px\" \/><\/a>El presidente Rafael Correa se reunir\u00e1 hoy en Carondelet con varios l\u00edderes y organizaciones ind\u00edgenas, algunas de las bases de la Confederaci\u00f3n de Nacionalidades Ind\u00edgenas del Ecuador (Conaie). El prop\u00f3sito: dar seguimiento al proceso de di\u00e1logo iniciado el a\u00f1o pasado y que ha definido una agenda pol\u00edtica en estos meses.<\/p>\n<p style=\"text-align: justify;\">El encuentro se realiza cuando hay una pol\u00e9mica en los movimientos ind\u00edgenas a prop\u00f3sito de la marcha del 19 de marzo, porque el apoyo y participaci\u00f3n de partidos y dirigentes de la derecha desnaturaliza los presupuestos pol\u00edticos de la convocatoria. Incluso, hay denuncias de que el financiamiento de esa marcha vendr\u00eda de esos sectores.<\/p>\n<p style=\"text-align: justify;\">El encuentro de hoy da seguimiento, por ejemplo, a lo ocurrido el 23 de febrero pasado, cuando varias organizaciones se reunieron en Santo Domingo de los Ts\u00e1chilas, donde hicieron p\u00fablica su propuesta. \u201cNadie se puede sentir due\u00f1o de los criterios y conceptos de un Estado plurinacional, cimentado desde la historia, que son parte de nuestra vida misma, de nuestra cosmovisi\u00f3n de las nacionalidades y pueblos de Ecuador, con su propia historia, que adquirimos, transmitimos, compartimos conocimientos y experiencias ancestrales y universales generando el progreso y desarrollo de la poblaci\u00f3n de una forma distinta de administraci\u00f3n de la sociedad\u201d, aclaran en la introducci\u00f3n de la propuesta de di\u00e1logo.<\/p>\n<p style=\"text-align: justify;\">All\u00ed recuerdan que \u201cel primer intento de construir el Estado plurinacional se logr\u00f3 en la Asamblea de 1998, donde se incluy\u00f3 un cap\u00edtulo completo de los derechos colectivos, que fue la pauta para que en 2008 se declare como Estado plurinacional e intercultural, que significa o marca otro momento para nuestros pueblos y nacionalidades\u201d.<\/p>\n<p style=\"text-align: justify;\">Justamente para construir ese Estado plurinacional elaboraron la propuesta con 3 objetivos generales.<\/p>\n<p style=\"text-align: justify;\">El primero es \u201cejercer e impulsar los derechos del Estado Plurinacional, con la participaci\u00f3n directa de las nacionalidades y pueblos, practicando la unidad en la diversidad. La plurinacionalidad no es un asunto de minor\u00edas \u00e9tnicas, es un proceso de construcci\u00f3n de la nueva sociedad, para alcanzar el Buen Vivir pleno\u201d.<\/p>\n<p style=\"text-align: justify;\">Para ello proponen establecer un di\u00e1logo directo y permanente entre los pueblos y nacionalidades con la Funci\u00f3n Ejecutiva.<\/p>\n<p style=\"text-align: justify;\">El segundo objetivo es \u201cdefinir un acuerdo pol\u00edtico program\u00e1tico, ampliando los espacios de di\u00e1logo directo y permanente con el Ejecutivo y las Nacionalidades y Pueblos para formar parte de todas las instituciones del Estado; reconociendo en la pr\u00e1ctica la pluriculturalidad, la interculturalidad, mecanismo id\u00f3neo para la construcci\u00f3n del poder popular\u201d.<\/p>\n<p style=\"text-align: justify;\">En este punto est\u00e1 planificado dise\u00f1ar una hoja de ruta que pueda servir en el \u00e1mbito nacional y local. Y plantean incentivar acciones afirmativas para lograr la plena integraci\u00f3n de los pueblos y nacionalidades ind\u00edgenas. Tambi\u00e9n se contempla actualizar el Plan Nacional para la erradicaci\u00f3n de la discriminaci\u00f3n y la \u201cdefinici\u00f3n de un acuerdo pol\u00edtico program\u00e1tico para las elecciones generales 2017\u201d.<\/p>\n<p style=\"text-align: justify;\">El tercer objetivo, de car\u00e1cter social y econ\u00f3mico, es \u201cdise\u00f1ar y presentar mediante cosmovisiones propias, planes de vida como instrumentos de buena gobernanza que normen la convivencia interna de las nacionalidades y pueblos, que permitan el desarrollo integral de la poblaci\u00f3n beneficiaria, para superar las desigualdades sociales, culturales, econ\u00f3micas, de manera participativa, con herramientas metodol\u00f3gicas y t\u00e9cnicas para su buen logro, se dar\u00e1 inicio a la socializaci\u00f3n y al conocimiento de las visiones de planificaci\u00f3n\u201d.<\/p>\n<p style=\"text-align: justify;\">En este \u00edtem, las bases de la Conaie crean sistemas propios de desarrollo social, pol\u00edtico, econ\u00f3mico, ambiental, ecol\u00f3gico, educativo, cultural, saberes ancestrales, para coordinar con los diferentes niveles de gobierno, adem\u00e1s de las circunscripciones territoriales ind\u00edgenas.<\/p>\n<p style=\"text-align: justify;\">Como parte de las actividades en este punto, los dirigentes proponen un decreto ejecutivo para viabilizar el Acuerdo con las Nacionalidades y Pueblos, la definici\u00f3n de un sistema de garant\u00eda solidaria para viabilizar el cr\u00e9dito para la producci\u00f3n y comercializaci\u00f3n asociativa, la elaboraci\u00f3n y ejecuci\u00f3n de los Planes de Vida para la inserci\u00f3n en las pol\u00edticas p\u00fablicas y el reconocimiento por parte del Estado de las Nacionalidades y Pueblos.<\/p>\n<p style=\"text-align: justify;\">Para mejorar la calidad de vida de los ind\u00edgenas, los dirigentes solicitan l\u00edneas especiales de cr\u00e9dito desde la CFN, BNF y otras financieras p\u00fablicas, la implementaci\u00f3n del modelo educativo intercultural biling\u00fce, un sistema permanente de becas, el funcionamiento de un sistema de transporte p\u00fablico multimodal y la titulaci\u00f3n de tierras y territorios ancestrales.<\/p>\n<p style=\"text-align: justify;\">Quieren adem\u00e1s la soluci\u00f3n de problemas de invasiones y conflictos internos y l\u00edmites territoriales, el cambio de la matriz productiva de acuerdo a las realidades de cada territorio y participaci\u00f3n de las empresas ind\u00edgenas en los proyectos petroleros, mineros y otros.<\/p>\n<p style=\"text-align: justify;\">Durante el gabinete itinerante, realizado en Santa Clara (Pastaza) el 21 de febrero pasado, el Primer Mandatario recibi\u00f3 a una delegaci\u00f3n de las bases de la Conaie. All\u00ed plantearon el di\u00e1logo con base en los 3 ejes. Esas bases no se sienten representadas por la c\u00fapula de la Conaie que organiza para el pr\u00f3ximo jueves una jornada de movilizaciones contra el Gobierno.<\/p>\n<p style=\"text-align: justify;\">El dirigente del movimiento Creando Oportunidades (Creo), Guillermo Lasso, expres\u00f3 su respaldo a esa marcha, en la que tambi\u00e9n participar\u00e1n los sectores sindicales de oposici\u00f3n. Tambi\u00e9n hay l\u00edderes de Pachakutik, como el prefecto de Morona Santiago, Marcelino Chumpi, que se han reunido con los alcaldes de Quito, Mauricio Rodas, y de Guayaquil, Jaime Nebot.<\/p>\n<p style=\"text-align: justify;\">De esas acciones se han desmarcado las bases de la Conaie que ahora impulsan el di\u00e1logo.<\/p>\n<p style=\"text-align: justify;\">Datos<\/p>\n<p style=\"text-align: justify;\">El 30 de agosto de 2013 el presidente Rafael Correa se reuni\u00f3 con 30 mil ind\u00edgenas de la Sierra centro en Riobamba.<\/p>\n<p style=\"text-align: justify;\">En el encuentro participaron organizaciones de base de la Conaie de Chimborazo, Bol\u00edvar, Tungurahua y, en menor medida, de Cotopaxi y Ca\u00f1ar.<\/p>\n<p style=\"text-align: justify;\">Desde entonces se organizaron mesas de trabajo. Las que m\u00e1s avanzaron fueron las de los ministerios de Educaci\u00f3n y de Agricultura.<\/p>\n<p style=\"text-align: justify;\">Ese di\u00e1logo se ha ampliado tambi\u00e9n a organizaciones ind\u00edgenas de la Amazon\u00eda.<\/p>\n<p style=\"text-align: justify;\">La semana pasada se realiz\u00f3 la primera convenci\u00f3n de la nacionalidad Waorani. En ese encuentro los distintos ministerios informaron a los dirigentes sobre las acciones que han emprendido en sus territorios. (El Tel\u00e9grafo)<\/p>\n","protected":false},"excerpt":{"rendered":"<p>El presidente Rafael Correa se reunir\u00e1 hoy en Carondelet con varios l\u00edderes y organizaciones ind\u00edgenas, algunas de las bases de<\/p>\n","protected":false},"author":1,"featured_media":0,"comment_status":"open","ping_status":"open","sticky":false,"template":"","format":"standard","meta":{"footnotes":""},"categories":[1],"tags":[],"_links":{"self":[{"href":"https:\/\/www.ecuadoraldia.com.ec\/index.php?rest_route=\/wp\/v2\/posts\/7879"}],"collection":[{"href":"https:\/\/www.ecuadoraldia.com.ec\/index.php?rest_route=\/wp\/v2\/posts"}],"about":[{"href":"https:\/\/www.ecuadoraldia.com.ec\/index.php?rest_route=\/wp\/v2\/types\/post"}],"author":[{"embeddable":true,"href":"https:\/\/www.ecuadoraldia.com.ec\/index.php?rest_route=\/wp\/v2\/users\/1"}],"replies":[{"embeddable":true,"href":"https:\/\/www.ecuadoraldia.com.ec\/index.php?rest_route=%2Fwp%2Fv2%2Fcomments&post=7879"}],"version-history":[{"count":1,"href":"https:\/\/www.ecuadoraldia.com.ec\/index.php?rest_route=\/wp\/v2\/posts\/7879\/revisions"}],"predecessor-version":[{"id":7881,"href":"https:\/\/www.ecuadoraldia.com.ec\/index.php?rest_route=\/wp\/v2\/posts\/7879\/revisions\/7881"}],"wp:attachment":[{"href":"https:\/\/www.ecuadoraldia.com.ec\/index.php?rest_route=%2Fwp%2Fv2%2Fmedia&parent=7879"}],"wp:term":[{"taxonomy":"category","embeddable":true,"href":"https:\/\/www.ecuadoraldia.com.ec\/index.php?rest_route=%2Fwp%2Fv2%2Fcategories&post=7879"},{"taxonomy":"post_tag","embeddable":true,"href":"https:\/\/www.ecuadoraldia.com.ec\/index.php?rest_route=%2Fwp%2Fv2%2Ftags&post=7879"}],"curies":[{"name":"wp","href":"https:\/\/api.w.org\/{rel}","templated":true}]}}