{"id":7887,"date":"2015-03-16T23:47:25","date_gmt":"2015-03-16T23:47:25","guid":{"rendered":"http:\/\/www.ecuadoraldia.com.ec\/?p=7887"},"modified":"2015-03-16T23:53:06","modified_gmt":"2015-03-16T23:53:06","slug":"diego-aulestia-analizo-salvaguardias-en-la-asamblea","status":"publish","type":"post","link":"https:\/\/www.ecuadoraldia.com.ec\/?p=7887","title":{"rendered":"Diego Aulestia, analiz\u00f3 salvaguardias en la Asamblea"},"content":{"rendered":"<p style=\"text-align: justify;\"><a href=\"http:\/\/www.ecuadoraldia.com.ec\/wp-content\/uploads\/2015\/03\/aulestia1.jpg\"><img loading=\"lazy\" decoding=\"async\" class=\"alignleft size-medium wp-image-7893\" src=\"http:\/\/www.ecuadoraldia.com.ec\/wp-content\/uploads\/2015\/03\/aulestia1-300x200.jpg\" alt=\"aulestia\" width=\"300\" height=\"200\" srcset=\"https:\/\/www.ecuadoraldia.com.ec\/wp-content\/uploads\/2015\/03\/aulestia1-300x200.jpg 300w, https:\/\/www.ecuadoraldia.com.ec\/wp-content\/uploads\/2015\/03\/aulestia1.jpg 307w\" sizes=\"(max-width: 300px) 100vw, 300px\" \/><\/a>El Ministro de Comercio exterior, Diego Aulestia, acudi\u00f3 esta tarde de este martea a la Asamblea Nacional, para anlizar el tema de las salvaguardias arancelarias. El funcionario de Estado fue invitado por el Preisidente de la Comisi\u00f3n de R\u00e9gimen Econ\u00f3mico, Owvaldo Larriba(AP) para analizar con los integrantes del organismo legislativo, los criterios del gobierno nacional sobre la implementaci\u00f3n de la medida<\/p>\n<p style=\"text-align: justify;\">La preocupaci\u00f3n del Presidente de la Comisi\u00f3n, Oswaldo Larriva, que se revisen las partidas, en lo referente a los \u00fatiles escolares e instrumentos musicales que podr\u00edan generar especulaci\u00f3n durante el inicio de clases en la Costa y parte del Austro que tiene ese r\u00e9gimen.<\/p>\n<p style=\"text-align: justify;\">Durante su intervenci\u00f3n, Diego Aulestia se\u00f1al\u00f3 que en el caso de cuadernos, forros pl\u00e1sticos y esferos, Ecuador es exportador de estos bienes. E Indic\u00f3 que los libros no est\u00e1n dentro de la lista de la salvaguardia\u00bb, pero dijo que tienen la apertura para realizar correcciones puntuales al listado final de los cerca de 2800 bienes y productos afectados por la medida.<\/p>\n<p style=\"text-align: justify;\">Indic\u00f3 que la mayor parte de nuestro consumo viene de bienes que han sido generados y producidos de manera local.<\/p>\n<p style=\"text-align: justify;\">\u00abSe aspira ahorrar aproximadamente 2.400 millones de d\u00f3lares en importaciones\u00bb, agreg\u00f3.<\/p>\n<p style=\"text-align: justify;\">Detall\u00f3 que las medidas \u00abson temporales\u00bb y que despu\u00e9s de los 15 meses se analizar\u00e1 la medida y \u00abse desmontar\u00e1 gradualmente\u00bb.<\/p>\n<p style=\"text-align: justify;\">Los congresistas Cristina Reyes de Madera de Guerrero PSC y Patricio Donoso de CREO, hicieron algunas puntualizaci\u00f3nes sobre el tema de los \u00fatiles escolares ya que no esta cloaro en que porcentaje de gravaran con aranceles. El punto relacionado con los materiales de construcci\u00f3n, fue otro de los temas de discusi\u00f3n.<\/p>\n<p style=\"text-align: justify;\">Posteriormente el Ministro Aulestia, dijo que se reunir\u00e1 con representantes de la C\u00e1mara de Comercio de Guayaquil, que estuvieron presentes en la reuni\u00f3n, pero que debido al tiempo no pudieron ser escuchados.<\/p>\n","protected":false},"excerpt":{"rendered":"<p>El Ministro de Comercio exterior, Diego Aulestia, acudi\u00f3 esta tarde de este martea a la Asamblea Nacional, para anlizar el<\/p>\n","protected":false},"author":1,"featured_media":0,"comment_status":"open","ping_status":"open","sticky":false,"template":"","format":"standard","meta":{"footnotes":""},"categories":[1],"tags":[],"_links":{"self":[{"href":"https:\/\/www.ecuadoraldia.com.ec\/index.php?rest_route=\/wp\/v2\/posts\/7887"}],"collection":[{"href":"https:\/\/www.ecuadoraldia.com.ec\/index.php?rest_route=\/wp\/v2\/posts"}],"about":[{"href":"https:\/\/www.ecuadoraldia.com.ec\/index.php?rest_route=\/wp\/v2\/types\/post"}],"author":[{"embeddable":true,"href":"https:\/\/www.ecuadoraldia.com.ec\/index.php?rest_route=\/wp\/v2\/users\/1"}],"replies":[{"embeddable":true,"href":"https:\/\/www.ecuadoraldia.com.ec\/index.php?rest_route=%2Fwp%2Fv2%2Fcomments&post=7887"}],"version-history":[{"count":3,"href":"https:\/\/www.ecuadoraldia.com.ec\/index.php?rest_route=\/wp\/v2\/posts\/7887\/revisions"}],"predecessor-version":[{"id":7895,"href":"https:\/\/www.ecuadoraldia.com.ec\/index.php?rest_route=\/wp\/v2\/posts\/7887\/revisions\/7895"}],"wp:attachment":[{"href":"https:\/\/www.ecuadoraldia.com.ec\/index.php?rest_route=%2Fwp%2Fv2%2Fmedia&parent=7887"}],"wp:term":[{"taxonomy":"category","embeddable":true,"href":"https:\/\/www.ecuadoraldia.com.ec\/index.php?rest_route=%2Fwp%2Fv2%2Fcategories&post=7887"},{"taxonomy":"post_tag","embeddable":true,"href":"https:\/\/www.ecuadoraldia.com.ec\/index.php?rest_route=%2Fwp%2Fv2%2Ftags&post=7887"}],"curies":[{"name":"wp","href":"https:\/\/api.w.org\/{rel}","templated":true}]}}