{"id":7890,"date":"2015-03-16T23:50:33","date_gmt":"2015-03-16T23:50:33","guid":{"rendered":"http:\/\/www.ecuadoraldia.com.ec\/?p=7890"},"modified":"2015-03-16T23:50:33","modified_gmt":"2015-03-16T23:50:33","slug":"presidente-correa-se-reunio-con-las-bases-indigenas","status":"publish","type":"post","link":"https:\/\/www.ecuadoraldia.com.ec\/?p=7890","title":{"rendered":"Presidente Correa se reuni\u00f3 con las bases ind\u00edgenas"},"content":{"rendered":"<p style=\"text-align: justify;\"><a href=\"http:\/\/www.ecuadoraldia.com.ec\/wp-content\/uploads\/2015\/03\/indgenas-2.jpg\"><img loading=\"lazy\" decoding=\"async\" class=\"alignleft size-medium wp-image-7891\" src=\"http:\/\/www.ecuadoraldia.com.ec\/wp-content\/uploads\/2015\/03\/indgenas-2-300x212.jpg\" alt=\"POL ACT MESIAS INDIGENAS ALMUERZO DIRIGENTES DE PUEBLOS Y NACIONALIDADES IND\u00cdGENAS DEL ECUADOR, CARONDELET, 16 MARZO 2015 Quito (Pichincha), 16 mar 2015.- El Presidente de la Rep\u00fablica, Rafael Correa realiz\u00f3 un almuerzo con los representantes de las nacionalidades ind\u00edgenas de la Sierra, Costa y Amazon\u00eda quienes ratificaron el compromiso con la gesti\u00f3n del Gobierno de la Revoluci\u00f3n Ciudadana y, a su vez, rechazaron la convocatoria para movilizarse el jueves 19 de marzo. Tomada de Flickr \/ Presidencia de la Rep\u00fablica\" width=\"300\" height=\"212\" srcset=\"https:\/\/www.ecuadoraldia.com.ec\/wp-content\/uploads\/2015\/03\/indgenas-2-300x212.jpg 300w, https:\/\/www.ecuadoraldia.com.ec\/wp-content\/uploads\/2015\/03\/indgenas-2.jpg 444w\" sizes=\"(max-width: 300px) 100vw, 300px\" \/><\/a>El presidente Rafael Correa mantuvo un encuentro hoy con las bases del movimiento ind\u00edgena para dar seguimiento al di\u00e1logo sobre las propuestas que entregaron el 23 de febrero pasado en Santo Domingo de los Ts\u00e1chilas.<\/p>\n<p style=\"text-align: justify;\">Consideran que es de car\u00e1cter urgente entablar una mesa directa que vaya m\u00e1s all\u00e1 del di\u00e1logo a la acci\u00f3n para que se concreten pol\u00edticas p\u00fablicas. Las 14 nacionalidades y 28 pueblos, as\u00ed como las organizaciones regionales y nacionales (Confeniae, Fei y la Fenocin) participaron de un almuerzo en la Presidencia, donde -seg\u00fan Carlos Vargas, dirigente hist\u00f3rico de la organizaci\u00f3n- se propondr\u00eda un acuerdo de 3 ejes: pol\u00edtico, econ\u00f3mico y social. Uno de los pedidos centrales es la construcci\u00f3n de un Estado plurinacional.<\/p>\n<p style=\"text-align: justify;\">Al finalizar el encuentro, Betty Tola, ministra de Inclusi\u00f3n Econ\u00f3mica y Social (MIES), dijo que hubo resultados importantes luego de la reuni\u00f3n, entre ellas la voluntad de continuar el di\u00e1logo, adem\u00e1s de la inclusi\u00f3n de los dirigentes ind\u00edgenas de la Amazon\u00eda. Tambi\u00e9n los dirigentes de base presentaron el respaldo al Presidente con respecto a la protecci\u00f3n de la producci\u00f3n nacional.<\/p>\n<p style=\"text-align: justify;\">\u00abRecordemos que se aprobaron un conjunto de medidas que buscan precautelar la producci\u00f3n nacional y varios de los ind\u00edgenas est\u00e1n vinculados a la producci\u00f3n agropecuaria por lo tanto estas son medidas que les benefician directamente a los artesanos\u00bb, manifest\u00f3 Tola.<\/p>\n<p style=\"text-align: justify;\">Por su lado, el asamble\u00edsta Carlos Viteri destac\u00f3 el apoyo que el movimiento ind\u00edgena ha expresado al gobierno y la importancia de la participaci\u00f3n de las nacionalidades en las transformaciones econ\u00f3micas y pol\u00edticas. \u00abTambi\u00e9n han sido muy cr\u00edticos frente a una c\u00fapula minoritaria y fundamentalista de la Conaie que se encuentran haciendo el juego a la derecha para conspirar contra el gobierno nacional como la marcha del 19 de marzo\u00bb, expres\u00f3 y agreg\u00f3 que no se har\u00e1 ninguna contra marcha porque las bases no est\u00e1n mirando al pasado sino a un futuro de di\u00e1logo.(Tel\u00e9grafo)<\/p>\n","protected":false},"excerpt":{"rendered":"<p>El presidente Rafael Correa mantuvo un encuentro hoy con las bases del movimiento ind\u00edgena para dar seguimiento al di\u00e1logo sobre<\/p>\n","protected":false},"author":1,"featured_media":0,"comment_status":"open","ping_status":"open","sticky":false,"template":"","format":"standard","meta":{"footnotes":""},"categories":[1],"tags":[],"_links":{"self":[{"href":"https:\/\/www.ecuadoraldia.com.ec\/index.php?rest_route=\/wp\/v2\/posts\/7890"}],"collection":[{"href":"https:\/\/www.ecuadoraldia.com.ec\/index.php?rest_route=\/wp\/v2\/posts"}],"about":[{"href":"https:\/\/www.ecuadoraldia.com.ec\/index.php?rest_route=\/wp\/v2\/types\/post"}],"author":[{"embeddable":true,"href":"https:\/\/www.ecuadoraldia.com.ec\/index.php?rest_route=\/wp\/v2\/users\/1"}],"replies":[{"embeddable":true,"href":"https:\/\/www.ecuadoraldia.com.ec\/index.php?rest_route=%2Fwp%2Fv2%2Fcomments&post=7890"}],"version-history":[{"count":1,"href":"https:\/\/www.ecuadoraldia.com.ec\/index.php?rest_route=\/wp\/v2\/posts\/7890\/revisions"}],"predecessor-version":[{"id":7892,"href":"https:\/\/www.ecuadoraldia.com.ec\/index.php?rest_route=\/wp\/v2\/posts\/7890\/revisions\/7892"}],"wp:attachment":[{"href":"https:\/\/www.ecuadoraldia.com.ec\/index.php?rest_route=%2Fwp%2Fv2%2Fmedia&parent=7890"}],"wp:term":[{"taxonomy":"category","embeddable":true,"href":"https:\/\/www.ecuadoraldia.com.ec\/index.php?rest_route=%2Fwp%2Fv2%2Fcategories&post=7890"},{"taxonomy":"post_tag","embeddable":true,"href":"https:\/\/www.ecuadoraldia.com.ec\/index.php?rest_route=%2Fwp%2Fv2%2Ftags&post=7890"}],"curies":[{"name":"wp","href":"https:\/\/api.w.org\/{rel}","templated":true}]}}