{"id":8029,"date":"2015-03-24T22:57:02","date_gmt":"2015-03-24T22:57:02","guid":{"rendered":"http:\/\/www.ecuadoraldia.com.ec\/?p=8029"},"modified":"2015-03-24T23:00:13","modified_gmt":"2015-03-24T23:00:13","slug":"richard-espinosa-es-el-nuevo-presidente-ejecutivo-del-iess","status":"publish","type":"post","link":"https:\/\/www.ecuadoraldia.com.ec\/?p=8029","title":{"rendered":"Richard Espinosa es el nuevo Presidente Ejecutivo del IESS"},"content":{"rendered":"<p style=\"text-align: justify;\"><a href=\"http:\/\/www.ecuadoraldia.com.ec\/wp-content\/uploads\/2015\/03\/iess-consejo-richard.jpg\"><img loading=\"lazy\" decoding=\"async\" class=\"alignleft size-medium wp-image-8030\" src=\"http:\/\/www.ecuadoraldia.com.ec\/wp-content\/uploads\/2015\/03\/iess-consejo-richard-300x197.jpg\" alt=\"iess consejo richard\" width=\"300\" height=\"197\" srcset=\"https:\/\/www.ecuadoraldia.com.ec\/wp-content\/uploads\/2015\/03\/iess-consejo-richard-300x197.jpg 300w, https:\/\/www.ecuadoraldia.com.ec\/wp-content\/uploads\/2015\/03\/iess-consejo-richard.jpg 450w\" sizes=\"(max-width: 300px) 100vw, 300px\" \/><\/a>El superintendente de Bancos, Christi\u00e1n Cruz, posesion\u00f3 esta tarde a Richard Espinosa, como representante del Ejecutivo ante el Consejo Directivo del Instituto Ecuatoriano de Seguridad Social (IESS).<\/p>\n<p style=\"text-align: justify;\">Espinosa,se desempe\u00f1\u00f3 como ministro Coordinador de la Producci\u00f3n. Desde 2009 al\u00a02012 fue\u00a0Ministerio de Relaciones Laborales. Antes en el Gobierno de Alfredo Palacios, estuvo a la cabeza del programa alim\u00e9ntate Ecuador<\/p>\n<p style=\"text-align: justify;\">Uno de los principales retos de Espinosa ser\u00e1 enfrentar la reestructuraci\u00f3n e implementar el cambio en el modelo de acci\u00f3n de hospitales como el Teodoro Maldonado Carbo, de Guayaquil, que en d\u00edas pasados enfrentaron problemas sobre todo en la parte administrativa.<\/p>\n<p style=\"text-align: justify;\">Hoy en la ma\u00e1na V\u00edctor Hogo Villar\u00e9s, present\u00f3 la renuncia al cargo que desempe\u00f1o por doce meses, aduciendo motivos personales, debido a una serie de rumores que se habr\u00edan dada en las \u00faltimas semanas sobre el robo de medicinas en Guayaquil. Tambi\u00e9n defendi\u00f3 su gesti\u00f3n al frente del Instituto.<\/p>\n<p style=\"text-align: justify;\">El cargo que dej\u00f3 vacante Espinosa es ocupado por Nathalie Celi, quien hasta hace poco fue embajadora de Ecuador en los Estados Unidos de Am\u00e9rica, El nuevo embajador en esa potencia norteamericana ser\u00e1 Francisco Borja, actual ministro de Culturas.<\/p>\n<p>&nbsp;<\/p>\n","protected":false},"excerpt":{"rendered":"<p>El superintendente de Bancos, Christi\u00e1n Cruz, posesion\u00f3 esta tarde a Richard Espinosa, como representante del Ejecutivo ante el Consejo Directivo<\/p>\n","protected":false},"author":1,"featured_media":0,"comment_status":"open","ping_status":"open","sticky":false,"template":"","format":"standard","meta":{"footnotes":""},"categories":[1],"tags":[],"_links":{"self":[{"href":"https:\/\/www.ecuadoraldia.com.ec\/index.php?rest_route=\/wp\/v2\/posts\/8029"}],"collection":[{"href":"https:\/\/www.ecuadoraldia.com.ec\/index.php?rest_route=\/wp\/v2\/posts"}],"about":[{"href":"https:\/\/www.ecuadoraldia.com.ec\/index.php?rest_route=\/wp\/v2\/types\/post"}],"author":[{"embeddable":true,"href":"https:\/\/www.ecuadoraldia.com.ec\/index.php?rest_route=\/wp\/v2\/users\/1"}],"replies":[{"embeddable":true,"href":"https:\/\/www.ecuadoraldia.com.ec\/index.php?rest_route=%2Fwp%2Fv2%2Fcomments&post=8029"}],"version-history":[{"count":2,"href":"https:\/\/www.ecuadoraldia.com.ec\/index.php?rest_route=\/wp\/v2\/posts\/8029\/revisions"}],"predecessor-version":[{"id":8032,"href":"https:\/\/www.ecuadoraldia.com.ec\/index.php?rest_route=\/wp\/v2\/posts\/8029\/revisions\/8032"}],"wp:attachment":[{"href":"https:\/\/www.ecuadoraldia.com.ec\/index.php?rest_route=%2Fwp%2Fv2%2Fmedia&parent=8029"}],"wp:term":[{"taxonomy":"category","embeddable":true,"href":"https:\/\/www.ecuadoraldia.com.ec\/index.php?rest_route=%2Fwp%2Fv2%2Fcategories&post=8029"},{"taxonomy":"post_tag","embeddable":true,"href":"https:\/\/www.ecuadoraldia.com.ec\/index.php?rest_route=%2Fwp%2Fv2%2Ftags&post=8029"}],"curies":[{"name":"wp","href":"https:\/\/api.w.org\/{rel}","templated":true}]}}