{"id":8083,"date":"2015-03-26T13:31:03","date_gmt":"2015-03-26T13:31:03","guid":{"rendered":"http:\/\/www.ecuadoraldia.com.ec\/?p=8083"},"modified":"2015-03-26T13:31:03","modified_gmt":"2015-03-26T13:31:03","slug":"copiloto-de-germanwings-quiso-destruir-el-avion-dice-fiscal","status":"publish","type":"post","link":"https:\/\/www.ecuadoraldia.com.ec\/?p=8083","title":{"rendered":"Copiloto de Germanwings quiso destruir el avi\u00f3n, dice fiscal"},"content":{"rendered":"<p style=\"text-align: justify;\"><a href=\"http:\/\/www.ecuadoraldia.com.ec\/wp-content\/uploads\/2015\/03\/FISCAL_FRANCIA.jpg\"><img loading=\"lazy\" decoding=\"async\" class=\"alignleft size-medium wp-image-8084\" src=\"http:\/\/www.ecuadoraldia.com.ec\/wp-content\/uploads\/2015\/03\/FISCAL_FRANCIA-300x168.jpg\" alt=\"FISCAL_FRANCIA\" width=\"300\" height=\"168\" srcset=\"https:\/\/www.ecuadoraldia.com.ec\/wp-content\/uploads\/2015\/03\/FISCAL_FRANCIA-300x168.jpg 300w, https:\/\/www.ecuadoraldia.com.ec\/wp-content\/uploads\/2015\/03\/FISCAL_FRANCIA.jpg 535w\" sizes=\"(max-width: 300px) 100vw, 300px\" \/><\/a>El copiloto del avi\u00f3n de Germanwings que se estrell\u00f3 el martes en los Alpes franceses matando a 150 personas, inici\u00f3 el descenso de forma manual e \u00abintencionada\u00bb, indic\u00f3 hoy el fiscal de Marsella, Brice Robin,que descart\u00f3 por el momento un \u00abatentado terrorista\u00bb.<\/p>\n<p style=\"text-align: justify;\">El ciudadano alem\u00e1n, que asumi\u00f3 el control del Airbus A320 despu\u00e9s de que el capit\u00e1n abandonase la cabina, rechaz\u00f3 volverle a abrir la puerta y \u00abaccion\u00f3 el mecanismo para descender, por razones que todav\u00eda ignoramos pero que pueden ser interpretadas como que probablemente ten\u00eda la voluntad de destruir el avi\u00f3n\u00bb, dijo el fiscal en una conferencia de prensa televisada.<\/p>\n<p style=\"text-align: justify;\">\u00abNo hab\u00eda ninguna raz\u00f3n para impedir que el comandante a bordo volviera a la cabina\u00bb, a\u00f1adi\u00f3.<\/p>\n<p style=\"text-align: justify;\">El copiloto, indentificado como Andreas Lubitz (28), parec\u00eda tener \u00abintenci\u00f3n de destruir el avi\u00f3n\u00bb, recalc\u00f3 el procurador.<\/p>\n<p style=\"text-align: justify;\">Esa informaci\u00f3n se obtuvo de la grabadora de voz de la cabina, recuperada el martes. El copiloto no dijo ninguna palabra despu\u00e9s de que el comandante abandonara la cabina, seg\u00fan los registros de la caja negra.<\/p>\n<p style=\"text-align: justify;\">\u00abHab\u00eda silencio absoluto en la cabina\u00bb, indic\u00f3 Robin.<\/p>\n<p style=\"text-align: justify;\">En los \u00faltimos minutos del descenso de la aeronave se oyeron golpes en la puerta mientras sonaban las alarmas, agreg\u00f3.<\/p>\n<p style=\"text-align: justify;\">El fiscal dijo adem\u00e1s que en los \u00faltimos instantes de la grabaci\u00f3n se escuchan gritos, pero que, al estrellarse el avi\u00f3n, la muerte de los 150 ocupantes fue \u00abinstant\u00e1nea\u00bb.<\/p>\n<p style=\"text-align: justify;\">Una fuente cercana a la investigaci\u00f3n explic\u00f3 a la agencia AFP que \u00abal inicio del vuelo, se oye a la tripulaci\u00f3n hablar normalmente y despu\u00e9s se oye el ruido de una silla que se mueve, una puerta se abre y se cierra, ruidos que indican que alguien llama a la puerta y ya no hay m\u00e1s conversaci\u00f3n a partir de ese momento hasta que se estrella\u00bb.<\/p>\n<p style=\"text-align: justify;\">Las identidades de la gran parte de los pasajeros que viajaban en el vuelo han sido reveladas, pero los nombres de los pilotos siguen sin conocerse.<\/p>\n<p style=\"text-align: justify;\">En la localidad alemana de Montabaur, conocidos de Lubitz dijeron que no mostraba signos de depresi\u00f3n cuando le vieron el pasado oto\u00f1o, cuando renov\u00f3 su licencia de piloto de planeadora.<\/p>\n<p style=\"text-align: justify;\">Lubitz obtuvo su licencia de piloto de vuelo sin motor cuando era adolescente y fue aceptado como piloto en pr\u00e1cticas en Lufthansa tras titularse en una estricta escuela preparatoria alemana, coment\u00f3 Peter Ruecker, un miembro del club de planeadoras a la agencia Reuters.<\/p>\n<p style=\"text-align: justify;\">Describi\u00f3 a Lubitz como un joven \u00abbastante tranquilo\u00bb, pero amistoso.<\/p>\n<p style=\"text-align: justify;\">Lufthansa ha rechazado identificar a los dos pilotos, pero explic\u00f3 que el copiloto se incorpor\u00f3 a la compa\u00f1\u00eda de bajo costo en septiembre de 2013, justo al terminar su formaci\u00f3n, y hab\u00eda volado 630 horas.<\/p>\n<p style=\"text-align: justify;\">El capit\u00e1n ten\u00eda m\u00e1s de 6.000 horas de vuelo y estaba en Germanwings desde mayo de 2014, apunt\u00f3 Lufthansa a\u00f1adiendo que antes hab\u00eda volado con aeronaves de su compa\u00f1\u00eda y de Condor.<\/p>\n<p style=\"text-align: justify;\">El Airbus A320, que cubr\u00eda la ruta entre Barcelona y D\u00fcsseldorf, comenz\u00f3 a descender inexplicablemente desde una altitud de crucero y se estrell\u00f3 contra una zona de monta\u00f1a remota en los Alpes franceses, matando a las 150 personas que iban a bordo. (AFP)<\/p>\n","protected":false},"excerpt":{"rendered":"<p>El copiloto del avi\u00f3n de Germanwings que se estrell\u00f3 el martes en los Alpes franceses matando a 150 personas, inici\u00f3<\/p>\n","protected":false},"author":1,"featured_media":0,"comment_status":"open","ping_status":"open","sticky":false,"template":"","format":"standard","meta":{"footnotes":""},"categories":[7],"tags":[],"_links":{"self":[{"href":"https:\/\/www.ecuadoraldia.com.ec\/index.php?rest_route=\/wp\/v2\/posts\/8083"}],"collection":[{"href":"https:\/\/www.ecuadoraldia.com.ec\/index.php?rest_route=\/wp\/v2\/posts"}],"about":[{"href":"https:\/\/www.ecuadoraldia.com.ec\/index.php?rest_route=\/wp\/v2\/types\/post"}],"author":[{"embeddable":true,"href":"https:\/\/www.ecuadoraldia.com.ec\/index.php?rest_route=\/wp\/v2\/users\/1"}],"replies":[{"embeddable":true,"href":"https:\/\/www.ecuadoraldia.com.ec\/index.php?rest_route=%2Fwp%2Fv2%2Fcomments&post=8083"}],"version-history":[{"count":1,"href":"https:\/\/www.ecuadoraldia.com.ec\/index.php?rest_route=\/wp\/v2\/posts\/8083\/revisions"}],"predecessor-version":[{"id":8085,"href":"https:\/\/www.ecuadoraldia.com.ec\/index.php?rest_route=\/wp\/v2\/posts\/8083\/revisions\/8085"}],"wp:attachment":[{"href":"https:\/\/www.ecuadoraldia.com.ec\/index.php?rest_route=%2Fwp%2Fv2%2Fmedia&parent=8083"}],"wp:term":[{"taxonomy":"category","embeddable":true,"href":"https:\/\/www.ecuadoraldia.com.ec\/index.php?rest_route=%2Fwp%2Fv2%2Fcategories&post=8083"},{"taxonomy":"post_tag","embeddable":true,"href":"https:\/\/www.ecuadoraldia.com.ec\/index.php?rest_route=%2Fwp%2Fv2%2Ftags&post=8083"}],"curies":[{"name":"wp","href":"https:\/\/api.w.org\/{rel}","templated":true}]}}