{"id":8086,"date":"2015-03-26T23:49:53","date_gmt":"2015-03-26T23:49:53","guid":{"rendered":"http:\/\/www.ecuadoraldia.com.ec\/?p=8086"},"modified":"2015-03-26T23:49:53","modified_gmt":"2015-03-26T23:49:53","slug":"guillaume-long-es-el-nuevo-ministro-de-cultura","status":"publish","type":"post","link":"https:\/\/www.ecuadoraldia.com.ec\/?p=8086","title":{"rendered":"Guillaume Long es el nuevo ministro de Cultura"},"content":{"rendered":"<p style=\"text-align: justify;\"><a href=\"http:\/\/www.ecuadoraldia.com.ec\/wp-content\/uploads\/2015\/03\/guillaume-long.jpg\"><img loading=\"lazy\" decoding=\"async\" class=\"alignleft size-medium wp-image-8087\" src=\"http:\/\/www.ecuadoraldia.com.ec\/wp-content\/uploads\/2015\/03\/guillaume-long-300x274.jpg\" alt=\"guillaume-long\" width=\"300\" height=\"274\" srcset=\"https:\/\/www.ecuadoraldia.com.ec\/wp-content\/uploads\/2015\/03\/guillaume-long-300x274.jpg 300w, https:\/\/www.ecuadoraldia.com.ec\/wp-content\/uploads\/2015\/03\/guillaume-long.jpg 302w\" sizes=\"(max-width: 300px) 100vw, 300px\" \/><\/a>El presidente Rafael Correa design\u00f3 a 2 nuevos ministros, mediante Decreto ejecutivo, esta tarde.<\/p>\n<p style=\"text-align: justify;\">Guillaume Long fue electo como ministro de Cultura y Andr\u00e9s Ara\u00faz como ministro de Talento Humano.<\/p>\n<p style=\"text-align: justify;\">Long se desempe\u00f1aba como ministro de Talento Humano desde el 8 de mayo del 2013. Desde el 11 de agosto del 2011 hasta el 6 de mayo del 2013 actu\u00f3 como Presidente del Consejo de Evaluaci\u00f3n, Acreditaci\u00f3n y Aseguramiento de la Calidad de la Educaci\u00f3n Superior (Ceaaces).<\/p>\n<p style=\"text-align: justify;\">El nuevo ministro de Cultura tiene un Ph.D. del Institute for the Study of the Americas, de la Universidad de Londres, una Maestr\u00eda en Ciencia Pol\u00edtica de la misma instituci\u00f3n y un Bachelor (Hons) en Historia por la Escuela de Estudios Orientales y Africanos, SOAS, Universidad de Londres, Reino Unido. Ha sido profesor del Programa de Relaciones Internacionales de la Facultad Latinoamericana de Ciencias Sociales, FLACSO-Ecuador, y profesor de Historia en varias universidades nacionales e internacionales. Fue miembro del Consejo Acad\u00e9mico del Instituto de Altos Estudios Nacionales, IAEN. Entre 2009 y 2011, fue asesor del Secretario Nacional de Planificaci\u00f3n y Desarrollo.<\/p>\n<p style=\"text-align: justify;\">Mientras que Andr\u00e9s Arauz trabaj\u00f3 como director del Servicio Nacional de Contrataci\u00f3n P\u00fablica (Sercop) desde el 13 de febrero hasta el 24 de marzo. Antes fue Subsecretario General de Planificaci\u00f3n para el Buen Vivir de Senplades.<\/p>\n<p style=\"text-align: justify;\">Ara\u00faz es m\u00e1ster en Econom\u00eda del Desarrollo por la Facultad Latinoamericana de Ciencias Sociales (Flacso) y un Bachelor of Science en Econom\u00eda y Matem\u00e1ticas por la por la Universidad de Michigan (EE.UU.). (El tel\u00e9grafo)<\/p>\n","protected":false},"excerpt":{"rendered":"<p>El presidente Rafael Correa design\u00f3 a 2 nuevos ministros, mediante Decreto ejecutivo, esta tarde. Guillaume Long fue electo como ministro<\/p>\n","protected":false},"author":1,"featured_media":0,"comment_status":"open","ping_status":"open","sticky":false,"template":"","format":"standard","meta":{"footnotes":""},"categories":[1],"tags":[],"_links":{"self":[{"href":"https:\/\/www.ecuadoraldia.com.ec\/index.php?rest_route=\/wp\/v2\/posts\/8086"}],"collection":[{"href":"https:\/\/www.ecuadoraldia.com.ec\/index.php?rest_route=\/wp\/v2\/posts"}],"about":[{"href":"https:\/\/www.ecuadoraldia.com.ec\/index.php?rest_route=\/wp\/v2\/types\/post"}],"author":[{"embeddable":true,"href":"https:\/\/www.ecuadoraldia.com.ec\/index.php?rest_route=\/wp\/v2\/users\/1"}],"replies":[{"embeddable":true,"href":"https:\/\/www.ecuadoraldia.com.ec\/index.php?rest_route=%2Fwp%2Fv2%2Fcomments&post=8086"}],"version-history":[{"count":1,"href":"https:\/\/www.ecuadoraldia.com.ec\/index.php?rest_route=\/wp\/v2\/posts\/8086\/revisions"}],"predecessor-version":[{"id":8088,"href":"https:\/\/www.ecuadoraldia.com.ec\/index.php?rest_route=\/wp\/v2\/posts\/8086\/revisions\/8088"}],"wp:attachment":[{"href":"https:\/\/www.ecuadoraldia.com.ec\/index.php?rest_route=%2Fwp%2Fv2%2Fmedia&parent=8086"}],"wp:term":[{"taxonomy":"category","embeddable":true,"href":"https:\/\/www.ecuadoraldia.com.ec\/index.php?rest_route=%2Fwp%2Fv2%2Fcategories&post=8086"},{"taxonomy":"post_tag","embeddable":true,"href":"https:\/\/www.ecuadoraldia.com.ec\/index.php?rest_route=%2Fwp%2Fv2%2Ftags&post=8086"}],"curies":[{"name":"wp","href":"https:\/\/api.w.org\/{rel}","templated":true}]}}