{"id":8089,"date":"2015-03-26T23:51:52","date_gmt":"2015-03-26T23:51:52","guid":{"rendered":"http:\/\/www.ecuadoraldia.com.ec\/?p=8089"},"modified":"2015-03-26T23:51:52","modified_gmt":"2015-03-26T23:51:52","slug":"via-aloags-santo-domingo-declarada-en-alerta-naranja","status":"publish","type":"post","link":"https:\/\/www.ecuadoraldia.com.ec\/?p=8089","title":{"rendered":"V\u00eda aloags Santo Domingo declarada en alerta Naranja"},"content":{"rendered":"<p style=\"text-align: justify;\"><a href=\"http:\/\/www.ecuadoraldia.com.ec\/wp-content\/uploads\/2015\/03\/riesgos.jpg\"><img loading=\"lazy\" decoding=\"async\" class=\"alignleft size-full wp-image-8090\" src=\"http:\/\/www.ecuadoraldia.com.ec\/wp-content\/uploads\/2015\/03\/riesgos.jpg\" alt=\"riesgos\" width=\"279\" height=\"209\" \/><\/a>La Secretar\u00eda de Gesti\u00f3n de Riesgos (SGR) declar\u00f3 la alerta naranja en la v\u00eda Al\u00f3ag-Santo Domingo, debido a los deslizamientos de los \u00faltimos d\u00edas en la zona.<\/p>\n<p style=\"text-align: justify;\">La medida comprende un \u00e1rea de 185 kil\u00f3metros cuadrados, en las zonas consideradas de alto riesgo en el sector de La Palma hasta las cercan\u00edas de Villa Aidita, tramo Al\u00f3ag-Santo Domingo. Se aplicar\u00e1 a las consideradas zonas de \u00abalto riesgo\u00bb en las provincias de Cotopaxi, Santo Domingo de Los Ts\u00e1chilas y Pichincha.<\/p>\n<p style=\"text-align: justify;\">Asimismo, la SGR dispuso un \u00abestado de alerta\u00bb para los Comit\u00e9s de Operaciones de Emergencia (COE) Provincial de las jurisdicciones involucradas, que deber\u00e1n estar operativos para ejecutar las acciones inmediatas que se requieran para proteger a la ciudadan\u00eda, as\u00ed como afrontar cualquier situaci\u00f3n negativa que se pudiera generar por el fen\u00f3meno natural que est\u00e1 ocurriendo.<\/p>\n<p style=\"text-align: justify;\">La SGR declar\u00f3 la situaci\u00f3n de emergencia para \u00abotorgar la asistencia humanitaria y realizar todas las acciones inmediatas que se requieran\u00bb en las zonas que se vieran afectadas.<\/p>\n<p style=\"text-align: justify;\">La coordinaci\u00f3n de las actividades que se desarrollen en torno a esta resoluci\u00f3n estar\u00e1n a cargo de las Coordinaciones Zonales 3, 4 y 9 de la SGR.<\/p>\n<p style=\"text-align: justify;\">La v\u00eda Al\u00f3ag-Santo Domingo que comunica la regi\u00f3n Costa con la Sierra, ha sufrido una serie de deslizamientos por las intensas precipitaciones ocurridas a partir del 19 de marzo pasado, produciendo el bloqueo total de la v\u00eda y p\u00e9rdida de vidas humanas.<\/p>\n<p style=\"text-align: justify;\">Ayer los trabajos de b\u00fasqueda de 5 personas en el km 28 fueron suspendidos, debido a las malas condiciones clim\u00e1ticas, y se ofici\u00f3 una misa en honor de las v\u00edctimas.(El tel\u00e9grafo)<\/p>\n","protected":false},"excerpt":{"rendered":"<p>La Secretar\u00eda de Gesti\u00f3n de Riesgos (SGR) declar\u00f3 la alerta naranja en la v\u00eda Al\u00f3ag-Santo Domingo, debido a los deslizamientos<\/p>\n","protected":false},"author":1,"featured_media":0,"comment_status":"open","ping_status":"open","sticky":false,"template":"","format":"standard","meta":{"footnotes":""},"categories":[1],"tags":[],"_links":{"self":[{"href":"https:\/\/www.ecuadoraldia.com.ec\/index.php?rest_route=\/wp\/v2\/posts\/8089"}],"collection":[{"href":"https:\/\/www.ecuadoraldia.com.ec\/index.php?rest_route=\/wp\/v2\/posts"}],"about":[{"href":"https:\/\/www.ecuadoraldia.com.ec\/index.php?rest_route=\/wp\/v2\/types\/post"}],"author":[{"embeddable":true,"href":"https:\/\/www.ecuadoraldia.com.ec\/index.php?rest_route=\/wp\/v2\/users\/1"}],"replies":[{"embeddable":true,"href":"https:\/\/www.ecuadoraldia.com.ec\/index.php?rest_route=%2Fwp%2Fv2%2Fcomments&post=8089"}],"version-history":[{"count":1,"href":"https:\/\/www.ecuadoraldia.com.ec\/index.php?rest_route=\/wp\/v2\/posts\/8089\/revisions"}],"predecessor-version":[{"id":8091,"href":"https:\/\/www.ecuadoraldia.com.ec\/index.php?rest_route=\/wp\/v2\/posts\/8089\/revisions\/8091"}],"wp:attachment":[{"href":"https:\/\/www.ecuadoraldia.com.ec\/index.php?rest_route=%2Fwp%2Fv2%2Fmedia&parent=8089"}],"wp:term":[{"taxonomy":"category","embeddable":true,"href":"https:\/\/www.ecuadoraldia.com.ec\/index.php?rest_route=%2Fwp%2Fv2%2Fcategories&post=8089"},{"taxonomy":"post_tag","embeddable":true,"href":"https:\/\/www.ecuadoraldia.com.ec\/index.php?rest_route=%2Fwp%2Fv2%2Ftags&post=8089"}],"curies":[{"name":"wp","href":"https:\/\/api.w.org\/{rel}","templated":true}]}}