{"id":8092,"date":"2015-03-26T23:53:58","date_gmt":"2015-03-26T23:53:58","guid":{"rendered":"http:\/\/www.ecuadoraldia.com.ec\/?p=8092"},"modified":"2015-03-26T23:53:58","modified_gmt":"2015-03-26T23:53:58","slug":"la-celac-llama-a-ee-uu-a-revertir-decreto-e-iniciar-dialogo-con-venezuela","status":"publish","type":"post","link":"https:\/\/www.ecuadoraldia.com.ec\/?p=8092","title":{"rendered":"La Celac llama a EE.UU. a revertir decreto e iniciar di\u00e1logo con Venezuela"},"content":{"rendered":"<p style=\"text-align: justify;\"><a href=\"http:\/\/www.ecuadoraldia.com.ec\/wp-content\/uploads\/2015\/03\/celac.jpg\"><img loading=\"lazy\" decoding=\"async\" class=\"alignleft size-medium wp-image-8093\" src=\"http:\/\/www.ecuadoraldia.com.ec\/wp-content\/uploads\/2015\/03\/celac-300x173.jpg\" alt=\"celac\" width=\"300\" height=\"173\" srcset=\"https:\/\/www.ecuadoraldia.com.ec\/wp-content\/uploads\/2015\/03\/celac-300x173.jpg 300w, https:\/\/www.ecuadoraldia.com.ec\/wp-content\/uploads\/2015\/03\/celac.jpg 500w\" sizes=\"(max-width: 300px) 100vw, 300px\" \/><\/a>El canciller ecuatoriano, Ricardo Pati\u00f1o, se\u00f1al\u00f3 hoy que la Comunidad de Estados Latinoamericanos y Caribe\u00f1os (Celac) aprob\u00f3, por unanimidad, emitir un comunicado en solidaridad con Venezuela.<\/p>\n<p style=\"text-align: justify;\">Hasta enero de 2016, Ecuador preside la organizaci\u00f3n que re\u00fane a 33 pa\u00edses latinoamericanos y del Caribe.<\/p>\n<p style=\"text-align: justify;\">Seg\u00fan Pati\u00f1o, el comunicado se une a un manifiesto que emiti\u00f3 hoy el Grupo G-77, m\u00e1s China, que incluye a 134 pa\u00edses del mundo, quienes tambi\u00e9n rechazaron la injerencia del pa\u00eds norteamericano en Venezuela.<\/p>\n<p style=\"text-align: justify;\">Los pa\u00edses miembros de Celac rechazaron el decreto ejecutivo del 9 de marzo, del presidente de Estados Unidos, Barack Obama, en contra de este pa\u00eds sudamericano. En su decreto, Obama calific\u00f3 la situaci\u00f3n en el pa\u00eds sudamericano como \u00abamenaza extraordinaria e inusual a la seguridad nacional y la pol\u00edtica exterior de Estados Unidos\u00bb.<\/p>\n<p style=\"text-align: justify;\">La Celac expresa su rechazo \u00aba la aplicaci\u00f3n de medidas coercitivas contrarias al Derecho internacional\u00bb, subraya el comunicado difundido por el canciller de Ecuador, Ricardo Pati\u00f1o.<\/p>\n<p style=\"text-align: justify;\">Tambi\u00e9n reafirma su compromiso \u00abcon la plena vigencia del Derecho Internacional, la solucio\u0301n paci\u0301fica de controversias y el principio de no intervencio\u0301n\u00bb.<\/p>\n<p style=\"text-align: justify;\">Adem\u00e1s, el organismo ratifica los postulados de la Proclama de la Am\u00e9rica Latina y el Caribe como Zona de Paz, acordada en la II Cumbre, celebrada en La Habana, en enero de 2014.<\/p>\n<p style=\"text-align: justify;\">La Celac considera que el decreto ejecutivo del Gobierno de Estados Unidos, emitido el 9 de marzo, que considera a Venezuela como una \u00abamenaza extraordinaria\u00bb a su seguridad, debe ser \u00abrevertido\u00bb.<\/p>\n<p style=\"text-align: justify;\">En este marco, hace un llamado a los gobiernos estadounidense y venezolano \u00abpara que inicien un di\u00e1logo, bajo los principios de respeto a la soberan\u00eda, la no injerencia en los asuntos internos de los Estados, la autodeterminaci\u00f3n de los pueblos y el orden democr\u00e1tico e institucional en consonancia con el Derecho Internacional\u00bb.<\/p>\n<p style=\"text-align: justify;\">En el comunicado se recalca que la Celac invoca a que se reabra el di\u00e1logo y hace un llamado a las fuerzas democr\u00e1ticas en Venezuela para que se haga uso de los mecanismos constitucionales en la soluci\u00f3n de las diferencias existentes.<\/p>\n<p style=\"text-align: justify;\">Pati\u00f1o sostuvo que el presidente Rafael Correa confirm\u00f3 su asistencia a la Cumbre de las Am\u00e9ricas, que se realizar\u00e1 el 10 y 11 de abril en Panam\u00e1, sin embargo, seg\u00fan Pati\u00f1o, un cambio en la decisi\u00f3n le competer\u00e1 excluisvamente al Mandatario. (El tel\u00e9grafo)<\/p>\n<p>&nbsp;<\/p>\n","protected":false},"excerpt":{"rendered":"<p>El canciller ecuatoriano, Ricardo Pati\u00f1o, se\u00f1al\u00f3 hoy que la Comunidad de Estados Latinoamericanos y Caribe\u00f1os (Celac) aprob\u00f3, por unanimidad, emitir<\/p>\n","protected":false},"author":1,"featured_media":0,"comment_status":"open","ping_status":"open","sticky":false,"template":"","format":"standard","meta":{"footnotes":""},"categories":[1],"tags":[],"_links":{"self":[{"href":"https:\/\/www.ecuadoraldia.com.ec\/index.php?rest_route=\/wp\/v2\/posts\/8092"}],"collection":[{"href":"https:\/\/www.ecuadoraldia.com.ec\/index.php?rest_route=\/wp\/v2\/posts"}],"about":[{"href":"https:\/\/www.ecuadoraldia.com.ec\/index.php?rest_route=\/wp\/v2\/types\/post"}],"author":[{"embeddable":true,"href":"https:\/\/www.ecuadoraldia.com.ec\/index.php?rest_route=\/wp\/v2\/users\/1"}],"replies":[{"embeddable":true,"href":"https:\/\/www.ecuadoraldia.com.ec\/index.php?rest_route=%2Fwp%2Fv2%2Fcomments&post=8092"}],"version-history":[{"count":1,"href":"https:\/\/www.ecuadoraldia.com.ec\/index.php?rest_route=\/wp\/v2\/posts\/8092\/revisions"}],"predecessor-version":[{"id":8094,"href":"https:\/\/www.ecuadoraldia.com.ec\/index.php?rest_route=\/wp\/v2\/posts\/8092\/revisions\/8094"}],"wp:attachment":[{"href":"https:\/\/www.ecuadoraldia.com.ec\/index.php?rest_route=%2Fwp%2Fv2%2Fmedia&parent=8092"}],"wp:term":[{"taxonomy":"category","embeddable":true,"href":"https:\/\/www.ecuadoraldia.com.ec\/index.php?rest_route=%2Fwp%2Fv2%2Fcategories&post=8092"},{"taxonomy":"post_tag","embeddable":true,"href":"https:\/\/www.ecuadoraldia.com.ec\/index.php?rest_route=%2Fwp%2Fv2%2Ftags&post=8092"}],"curies":[{"name":"wp","href":"https:\/\/api.w.org\/{rel}","templated":true}]}}