{"id":8126,"date":"2015-03-27T00:49:06","date_gmt":"2015-03-27T00:49:06","guid":{"rendered":"http:\/\/www.ecuadoraldia.com.ec\/?p=8126"},"modified":"2015-03-27T00:49:06","modified_gmt":"2015-03-27T00:49:06","slug":"reducen-de-12-a-10-centavos-el-pasaje-de-personas-con-discapacidad-en-quito","status":"publish","type":"post","link":"https:\/\/www.ecuadoraldia.com.ec\/?p=8126","title":{"rendered":"Reducen de 12 a 10 centavos el pasaje de personas con discapacidad en Quito"},"content":{"rendered":"<p style=\"text-align: justify;\"><a href=\"http:\/\/www.ecuadoraldia.com.ec\/wp-content\/uploads\/2015\/03\/lahora.png\"><img loading=\"lazy\" decoding=\"async\" class=\"alignleft size-medium wp-image-8127\" src=\"http:\/\/www.ecuadoraldia.com.ec\/wp-content\/uploads\/2015\/03\/lahora-300x186.png\" alt=\"lahora\" width=\"300\" height=\"186\" srcset=\"https:\/\/www.ecuadoraldia.com.ec\/wp-content\/uploads\/2015\/03\/lahora-300x186.png 300w, https:\/\/www.ecuadoraldia.com.ec\/wp-content\/uploads\/2015\/03\/lahora.png 599w\" sizes=\"(max-width: 300px) 100vw, 300px\" \/><\/a>El Concejo Metropolitano de Quito aprob\u00f3 por unanimidad, hoy 26 de marzo del 2015, la ordenanza que reduce de 12 a 10 centavos la tarifa de transporte para las personas con discapacidad.<\/p>\n<p>El alcalde Mauricio Rodas indic\u00f3 que la aprobaci\u00f3n da cumplimiento a los acuerdos a los que se lleg\u00f3 con los transportistas y adem\u00e1s topa un tema positivo como es beneficiar a un grupo hist\u00f3ricamente vulnerado en el transporte p\u00fablico como son las personas con discapacidad.<\/p>\n<p>Dijo que por muchos a\u00f1os las personas con discapacidad han tenido que superar enormes dificultades en el acceso y utilizaci\u00f3n de transporte p\u00fablico y esta es una reivindicaci\u00f3n muy justa ya que la reducci\u00f3n de la tarifa es una retribuci\u00f3n a los problemas que han tenido que sufrir en las unidades p\u00fablicas.<\/p>\n<p>Indic\u00f3 adem\u00e1s que este es un paso importante hacia la construcci\u00f3n de un sistema solidario e inclusivo del transporte p\u00fablico en nuestra ciudad que se complementar\u00e1 con la existencia de unidades exclusivas para personas con discapacidad.<\/p>\n<p>Manifest\u00f3 que el acuerdo con las compa\u00f1\u00edas de transporte p\u00fablico prev\u00e9 que en las unidades se habiliten espacios para personas con discapacidad y el Municipio adecuar\u00e1 la infraestructura de paradas y estaciones del transporte p\u00fablico metropolitano para que sean inclusivas haciendo de Quito una ciudad solidaria.<\/p>\n<p style=\"text-align: justify;\">La vicealcaldesa Daniela Chac\u00f3n dijo que en las mesas de negociaci\u00f3n con los transportistas se lleg\u00f3 a acuerdos muy importantes para mejorar la accesibilidad y espacios en las unidades para las personas con discapacidad.<\/p>\n<p style=\"text-align: justify;\">La concejala dijo que se est\u00e1n realizando acercamientos con el CONADIS para que se elabore un censo para conocer el origen y destino de estas personas y as\u00ed determinar que flota y cuantas unidades deben destinarse para este servicio.(La hora)<\/p>\n","protected":false},"excerpt":{"rendered":"<p>El Concejo Metropolitano de Quito aprob\u00f3 por unanimidad, hoy 26 de marzo del 2015, la ordenanza que reduce de 12<\/p>\n","protected":false},"author":1,"featured_media":0,"comment_status":"open","ping_status":"open","sticky":false,"template":"","format":"standard","meta":{"footnotes":""},"categories":[14],"tags":[],"_links":{"self":[{"href":"https:\/\/www.ecuadoraldia.com.ec\/index.php?rest_route=\/wp\/v2\/posts\/8126"}],"collection":[{"href":"https:\/\/www.ecuadoraldia.com.ec\/index.php?rest_route=\/wp\/v2\/posts"}],"about":[{"href":"https:\/\/www.ecuadoraldia.com.ec\/index.php?rest_route=\/wp\/v2\/types\/post"}],"author":[{"embeddable":true,"href":"https:\/\/www.ecuadoraldia.com.ec\/index.php?rest_route=\/wp\/v2\/users\/1"}],"replies":[{"embeddable":true,"href":"https:\/\/www.ecuadoraldia.com.ec\/index.php?rest_route=%2Fwp%2Fv2%2Fcomments&post=8126"}],"version-history":[{"count":1,"href":"https:\/\/www.ecuadoraldia.com.ec\/index.php?rest_route=\/wp\/v2\/posts\/8126\/revisions"}],"predecessor-version":[{"id":8128,"href":"https:\/\/www.ecuadoraldia.com.ec\/index.php?rest_route=\/wp\/v2\/posts\/8126\/revisions\/8128"}],"wp:attachment":[{"href":"https:\/\/www.ecuadoraldia.com.ec\/index.php?rest_route=%2Fwp%2Fv2%2Fmedia&parent=8126"}],"wp:term":[{"taxonomy":"category","embeddable":true,"href":"https:\/\/www.ecuadoraldia.com.ec\/index.php?rest_route=%2Fwp%2Fv2%2Fcategories&post=8126"},{"taxonomy":"post_tag","embeddable":true,"href":"https:\/\/www.ecuadoraldia.com.ec\/index.php?rest_route=%2Fwp%2Fv2%2Ftags&post=8126"}],"curies":[{"name":"wp","href":"https:\/\/api.w.org\/{rel}","templated":true}]}}