{"id":8131,"date":"2015-03-29T00:29:50","date_gmt":"2015-03-29T00:29:50","guid":{"rendered":"http:\/\/www.ecuadoraldia.com.ec\/?p=8131"},"modified":"2015-04-02T17:10:43","modified_gmt":"2015-04-02T17:10:43","slug":"economia-de-ecuador-crecio-en-un-38","status":"publish","type":"post","link":"https:\/\/www.ecuadoraldia.com.ec\/?p=8131","title":{"rendered":"ECONOM\u00cdA DE ECUADOR CRECI\u00d3 EN UN 3,8%"},"content":{"rendered":"<p><a href=\"http:\/\/www.ecuadoraldia.com.ec\/wp-content\/uploads\/2015\/03\/correa.jpg\"><img loading=\"lazy\" decoding=\"async\" class=\"alignleft size-medium wp-image-8231\" src=\"http:\/\/www.ecuadoraldia.com.ec\/wp-content\/uploads\/2015\/03\/correa-300x214.jpg\" alt=\"correa\" width=\"300\" height=\"214\" srcset=\"https:\/\/www.ecuadoraldia.com.ec\/wp-content\/uploads\/2015\/03\/correa-300x214.jpg 300w, https:\/\/www.ecuadoraldia.com.ec\/wp-content\/uploads\/2015\/03\/correa.jpg 500w\" sizes=\"(max-width: 300px) 100vw, 300px\" \/><\/a><\/p>\n<p style=\"text-align: justify;\">El jefe de Estado asegur\u00f3 que entre los sectores que m\u00e1s crecieron en 2014 figura la acuicultura.El presidente de Ecuador, Rafael Correa, inform\u00f3 hoy que la econom\u00eda del pa\u00eds creci\u00f3 en 3,8 por ciento el a\u00f1o pasado y se\u00f1al\u00f3 que la naci\u00f3n andina est\u00e1 entre las de mayor crecimiento de la regi\u00f3n.<\/p>\n<p style=\"text-align: justify;\">\u00abPese a que el precio del petr\u00f3leo empez\u00f3 a desplomarse en septiembre, somos (de) los cuatro pa\u00edses que m\u00e1s ha crecido en Am\u00e9rica Latina y hemos crecido casi cuatro veces el promedio latinoamericano\u00bb, dijo Correa en su informe semanal de labores.<\/p>\n<p style=\"text-align: justify;\">Precis\u00f3 que \u00abpese a las dificultades de finales de a\u00f1o\u00bb, el crecimiento de la econom\u00eda del pa\u00eds en 2014 fue de 3,8 %, lo que se\u00f1al\u00f3 como una \u00abbuena tasa\u00bb.A\u00f1adi\u00f3 que el promedio de crecimiento de Am\u00e9rica Latina fue de 1,1 %.<\/p>\n<p style=\"text-align: justify;\">El jefe de Estado asegur\u00f3 que entre los sectores que m\u00e1s crecieron en 2014 figuran acuicultura y camar\u00f3n, agua y electricidad, minas, servicios, alojamiento, comida, construcci\u00f3n, transporte y manufactura.<\/p>\n<p style=\"text-align: justify;\">Indic\u00f3, adem\u00e1s, que decrecieron los sectores de pesca y refinaci\u00f3n de petr\u00f3leo, este \u00faltimo debido a que la principal refiner\u00eda del pa\u00eds, situada en la provincia de Esmeraldas, est\u00e1 siendo sometida a un proceso de repotenciaci\u00f3n desde 2014, para lo que se ha calculado una inversi\u00f3n de unos mil millones de d\u00f3lares.<\/p>\n<p style=\"text-align: justify;\">De su lado, el gerente del Banco Central, Mateo Villalba, indic\u00f3 que Ecuador ha crecido \u00abm\u00e1s que Am\u00e9rica Latina desde el a\u00f1o 2008\u00bb.<\/p>\n<p style=\"text-align: justify;\">\u00abEstamos entre los pa\u00edses de mayor crecimiento de la regi\u00f3n al lado de Colombia, Bolivia, Rep\u00fablica Dominicana y Panam\u00e1\u00bb, se\u00f1al\u00f3 en el informe semanal de labores del presidente Correa, quien asegur\u00f3 que su Administraci\u00f3n est\u00e1 preparada para escenarios dif\u00edciles por la bajada del precio del barril de petr\u00f3leo en el mercado externo.<\/p>\n<p style=\"text-align: justify;\">El gobernante coment\u00f3 que el precio promedio del barril de petr\u00f3leo ahora est\u00e1 en 40 d\u00f3lares y subray\u00f3 que el Gobierno est\u00e1 preparado para \u00abcasos extremos\u00bb, incluso para un promedio de 20 d\u00f3lares del barril de crudo, el principal producto de exportaci\u00f3n de la naci\u00f3n andina.(EXPRESO)<\/p>\n","protected":false},"excerpt":{"rendered":"<p>El jefe de Estado asegur\u00f3 que entre los sectores que m\u00e1s crecieron en 2014 figura la acuicultura.El presidente de Ecuador,<\/p>\n","protected":false},"author":1,"featured_media":0,"comment_status":"open","ping_status":"open","sticky":false,"template":"","format":"standard","meta":{"footnotes":""},"categories":[9],"tags":[],"_links":{"self":[{"href":"https:\/\/www.ecuadoraldia.com.ec\/index.php?rest_route=\/wp\/v2\/posts\/8131"}],"collection":[{"href":"https:\/\/www.ecuadoraldia.com.ec\/index.php?rest_route=\/wp\/v2\/posts"}],"about":[{"href":"https:\/\/www.ecuadoraldia.com.ec\/index.php?rest_route=\/wp\/v2\/types\/post"}],"author":[{"embeddable":true,"href":"https:\/\/www.ecuadoraldia.com.ec\/index.php?rest_route=\/wp\/v2\/users\/1"}],"replies":[{"embeddable":true,"href":"https:\/\/www.ecuadoraldia.com.ec\/index.php?rest_route=%2Fwp%2Fv2%2Fcomments&post=8131"}],"version-history":[{"count":8,"href":"https:\/\/www.ecuadoraldia.com.ec\/index.php?rest_route=\/wp\/v2\/posts\/8131\/revisions"}],"predecessor-version":[{"id":8233,"href":"https:\/\/www.ecuadoraldia.com.ec\/index.php?rest_route=\/wp\/v2\/posts\/8131\/revisions\/8233"}],"wp:attachment":[{"href":"https:\/\/www.ecuadoraldia.com.ec\/index.php?rest_route=%2Fwp%2Fv2%2Fmedia&parent=8131"}],"wp:term":[{"taxonomy":"category","embeddable":true,"href":"https:\/\/www.ecuadoraldia.com.ec\/index.php?rest_route=%2Fwp%2Fv2%2Fcategories&post=8131"},{"taxonomy":"post_tag","embeddable":true,"href":"https:\/\/www.ecuadoraldia.com.ec\/index.php?rest_route=%2Fwp%2Fv2%2Ftags&post=8131"}],"curies":[{"name":"wp","href":"https:\/\/api.w.org\/{rel}","templated":true}]}}