{"id":8138,"date":"2015-03-29T23:28:26","date_gmt":"2015-03-29T23:28:26","guid":{"rendered":"http:\/\/www.ecuadoraldia.com.ec\/?p=8138"},"modified":"2015-04-28T00:50:25","modified_gmt":"2015-04-28T00:50:25","slug":"bloque-de-concejales-de-ap-de-ruminahi-rindieron-cuentas-a-sus-electores","status":"publish","type":"post","link":"https:\/\/www.ecuadoraldia.com.ec\/?p=8138","title":{"rendered":"Bloque de concejales de AP de Rumi\u00f1ahi rindieron cuentas a sus electores"},"content":{"rendered":"<p>Tal como estaba previsto, el bloque de concejales de Alianza Pa\u00eds, del cant\u00f3n Rumi\u00f1ahui, hicieron su rendici\u00f3n de cuantas a sus mandantes correspondiente al per\u00edodo 2014.&nbsp;<\/p>\n<figure id=\"attachment_8389\" aria-describedby=\"caption-attachment-8389\" style=\"width: 300px\" class=\"wp-caption alignleft\"><a href=\"http:\/\/www.ecuadoraldia.com.ec\/wp-content\/uploads\/2015\/03\/DSC02958.jpg\"><img loading=\"lazy\" decoding=\"async\" class=\"size-medium wp-image-8389\" alt=\"En la gr\u00e1fica aparecen la Asamble\u00edsta alterna por AP Jenny Pillajo,Jadira Basantes,Directora del Movimiento en Sangolqu\u00ed, los concejales, Edgar Aguirre,Eduardo Noro\u00f1a y Mario C\u00e1rdenas\" src=\"http:\/\/www.ecuadoraldia.com.ec\/wp-content\/uploads\/2015\/03\/DSC02958-300x222.jpg\" width=\"300\" height=\"222\" srcset=\"https:\/\/www.ecuadoraldia.com.ec\/wp-content\/uploads\/2015\/03\/DSC02958-300x222.jpg 300w, https:\/\/www.ecuadoraldia.com.ec\/wp-content\/uploads\/2015\/03\/DSC02958.jpg 505w\" sizes=\"(max-width: 300px) 100vw, 300px\" \/><\/a><figcaption id=\"caption-attachment-8389\" class=\"wp-caption-text\">En la gr\u00e1fica aparecen la Asamble\u00edsta alterna por AP Jenny Pillajo,Jadira Basantes,Directora del Movimiento en Sangolqu\u00ed, los concejales, Edgar Aguirre,Eduardo Noro\u00f1a y Mario C\u00e1rdenas<\/figcaption><\/figure>\n<p style=\"text-align: justify;\">Primero intervino el concejal Mario C\u00e1rdenas, Presidente de la Comisi\u00f3n de Educaci\u00f3n, Cultura, Deportes y Recreaci\u00f3n, quien adem\u00e1s en miembro de la comisi\u00f3n de seguridad ciudadana, critic\u00f3 la falta de gobernabilidad del Alcalde H\u00e9ctor J\u00e1come, pues dijo la mayor\u00eda de las\u00a0 comisiones funcionan de acuerdo a sus conveniencias. Sostiene que hay una autoridad terca que no permite ning\u00fan flujo de iniciativas y que su pol\u00edtica es de exclusi\u00f3n. C\u00e1rdenas considera que ya es hora de romper con el \u201cDogal de dominio\u201d (controlar a los hombres capaces de encauzar el Poder \u00danico) que ejerce J\u00e1come y para ello es necesaria la participaci\u00f3n ciudadana.<\/p>\n<figure id=\"attachment_8391\" aria-describedby=\"caption-attachment-8391\" style=\"width: 300px\" class=\"wp-caption alignleft\"><a href=\"http:\/\/www.ecuadoraldia.com.ec\/wp-content\/uploads\/2015\/03\/pre1.jpg\"><img loading=\"lazy\" decoding=\"async\" class=\"size-medium wp-image-8391\" alt=\"El Concejal Mario C\u00e1rdenas, presentando su rendici\u00f3n de cuentas\" src=\"http:\/\/www.ecuadoraldia.com.ec\/wp-content\/uploads\/2015\/03\/pre1-300x168.jpg\" width=\"300\" height=\"168\" srcset=\"https:\/\/www.ecuadoraldia.com.ec\/wp-content\/uploads\/2015\/03\/pre1-300x168.jpg 300w, https:\/\/www.ecuadoraldia.com.ec\/wp-content\/uploads\/2015\/03\/pre1.jpg 442w\" sizes=\"(max-width: 300px) 100vw, 300px\" \/><\/a><figcaption id=\"caption-attachment-8391\" class=\"wp-caption-text\">El Concejal Mario C\u00e1rdenas, presentando su rendici\u00f3n de cuentas<\/figcaption><\/figure>\n<p style=\"text-align: justify;\">Entre las acciones de la Comisi\u00f3n, se ha entregado becas a los estudiantes de escasos recursos econ\u00f3micos de la unidad Educativa Dar\u00edo Figueroa, recuperar la identidad cultural, entre ellas la realizaci\u00f3n de un busto a Juan de salinas y la rehabilitaci\u00f3n del monumento al General Rumi\u00f1ahui obra del maestro Oswaldo Guayasam\u00edn, que est\u00e1 deteriorada, entre otras. Los espacios verdes en urbanizaciones cerradas es otro de los temas pendientes; aqu\u00ed se genera un problema en vista de que hay urbanizaciones que a pretexto de la inseguridad levantan grandes muros impidiendo que la ciudadan\u00eda tenga acceso a la recreaci\u00f3n, pese a que las obras se realizan con recursos del municipio.<\/p>\n<p style=\"text-align: justify;\">Otro aspecto es la dotaci\u00f3n de infraestructura para el colegio agropecuario Cotogchoa, recuperar la infraestructura para el funcionamiento del Centro Cultural y Taller de arte Digital Eduardo Kigman. \u00a0Para este 2015 las perspectivas de la Comisi\u00f3n de educaci\u00f3n es entrar en un proceso de capacitaci\u00f3n a los habitantes del cant\u00f3n en econom\u00eda popular y solidaria que permita el desarrollo de la microempresa. Un proyecto de largo plazo es lograr del gobierno central la entrega de 61 hect\u00e1reas de terreno que est\u00e1n en manos de los militares de la zona para la construcci\u00f3n de la nueva infraestructura municipal, espacios deportivos y el hospital.<\/p>\n<p style=\"text-align: justify;\">SEGURIDAD CIUDADANA.<\/p>\n<p style=\"text-align: justify;\">C\u00e1rdenas que tambi\u00e9n integra el concejo de seguridad ciudadana, sostuvo que hace m\u00e1s de dos a\u00f1os se cre\u00f3 este organismo, pero que no funciona, selo se han quedado en las reformas de un plan que se cre\u00f3 y nada m\u00e1s. Para C\u00e1rdenas es necesario que la ciudadan\u00eda actu\u00e9 porque no se puede permitir que la delincuencia siga avanzando, puso como ejemplo el barrio la Libertad, cuyos habitantes viven en zozobra debido a la inseguridad y que el ente regulador (el municipio) no articule las acciones con la polic\u00eda y fuerzas armadas para que intervengan en auxilio de la ciudadan\u00eda.<\/p>\n<figure id=\"attachment_8392\" aria-describedby=\"caption-attachment-8392\" style=\"width: 300px\" class=\"wp-caption alignleft\"><a href=\"http:\/\/www.ecuadoraldia.com.ec\/wp-content\/uploads\/2015\/03\/noro\u00f1a.jpg\"><img loading=\"lazy\" decoding=\"async\" class=\"size-medium wp-image-8392\" alt=\"El Concejal eduardo Noro\u00f1a se dirije a sus mandantes\" src=\"http:\/\/www.ecuadoraldia.com.ec\/wp-content\/uploads\/2015\/03\/noro\u00f1a-300x245.jpg\" width=\"300\" height=\"245\" srcset=\"https:\/\/www.ecuadoraldia.com.ec\/wp-content\/uploads\/2015\/03\/noro\u00f1a-300x245.jpg 300w, https:\/\/www.ecuadoraldia.com.ec\/wp-content\/uploads\/2015\/03\/noro\u00f1a.jpg 469w\" sizes=\"(max-width: 300px) 100vw, 300px\" \/><\/a><figcaption id=\"caption-attachment-8392\" class=\"wp-caption-text\">El Concejal eduardo Noro\u00f1a se dirije a sus mandantes<\/figcaption><\/figure>\n<p style=\"text-align: justify;\">Luego fue el turno de exponer del concejal Eduardo Noro\u00f1a, Presidente de la Comisi\u00f3n de igualdad y G\u00e9nero, y, adem\u00e1s vocal de las comisiones de Salud y Medio ambiente y de L\u00edmites, reiter\u00f3 que pese a la negativa del primer personero municipal de atender sus reclamos, continuar\u00e1n en la lucha por reivindicar los derechos de la ciudadan\u00eda. El concejal evidencia que hay mucha discriminaci\u00f3n en cuanto a igualdad de g\u00e9nero. Maltrato a mujeres, ni\u00f1os en buses y avenidas. Puso como ejemplo el caso de que una mujer no pueda contratar una obra de alba\u00f1iler\u00eda, para adoquinar calles, bordillos y aceras. Tambi\u00e9n dijo que est\u00e1n tratando de agrupar en su solo ente a organismos como el patronato Municipal, asesoramiento legal, hogar de ancianos, entre otros y que para ese objetivo, est\u00e1n tratando de que el ministerio del Deporte les entregue la Sede que tiene Petro Amaz\u00f3nas en San Rafael.<\/p>\n<p style=\"text-align: justify;\">Tambi\u00e9n reitero que la Comisi\u00f3n de Planificaci\u00f3n y Presupuesto es\u00a0 una de las que m\u00e1s ha trabajado en el municipio. \u00a0Del\u00a0 pre supuesto de 41 millones de d\u00f3lares se ejecutaron 28 millones. Noro\u00f1a hizo \u00e9nfasis \u00a0en su \u00a0visita a M\u00e9xico donde participo en un encuentro de intercambio de buenas pr\u00e1cticas en el que participaron 4.000 alcaldes de todo el Mundo. De esa experiencia se elabor\u00f3 un proyecto que reposa en manos del Alcalde, para implementar en la ciudad el \u201cSMART CYTI\u201d, ciudades inteligentes, que permita el aprovechamiento de las tecnolog\u00edas. Este sistema se lo implementa en varias ciudades del planeta y en Ecuador el cant\u00f3n Rumi\u00f1ahui, ser\u00eda la primera en ponerlo en marcha; claro est\u00e1 si el se\u00f1or alcalde lo permite. En el v\u00eddeo que se presento se ve c\u00f3mo a trav\u00e9s de censores se puede recuperar informaci\u00f3n para ubicar sitios donde hay conflictos y solucionar problemas permitiendo as\u00ed un desarrollo adecuado de la ciudad.<\/p>\n<figure id=\"attachment_8393\" aria-describedby=\"caption-attachment-8393\" style=\"width: 300px\" class=\"wp-caption alignleft\"><a href=\"http:\/\/www.ecuadoraldia.com.ec\/wp-content\/uploads\/2015\/03\/aguirre2.jpg\"><img loading=\"lazy\" decoding=\"async\" class=\"size-medium wp-image-8393\" alt=\"El concejal Edgar Aguirre, tambi\u00e9n rindi\u00f3 cuantas a sus mandantes\" src=\"http:\/\/www.ecuadoraldia.com.ec\/wp-content\/uploads\/2015\/03\/aguirre2-300x280.jpg\" width=\"300\" height=\"280\" srcset=\"https:\/\/www.ecuadoraldia.com.ec\/wp-content\/uploads\/2015\/03\/aguirre2-300x280.jpg 300w, https:\/\/www.ecuadoraldia.com.ec\/wp-content\/uploads\/2015\/03\/aguirre2.jpg 442w\" sizes=\"(max-width: 300px) 100vw, 300px\" \/><\/a><figcaption id=\"caption-attachment-8393\" class=\"wp-caption-text\">El concejal Edgar Aguirre, tambi\u00e9n rindi\u00f3 cuantas a sus mandantes<\/figcaption><\/figure>\n<p style=\"text-align: justify;\">El Concejal Edgar Aguirre, m\u00e9dico de profesi\u00f3n, quien preside la Comisi\u00f3n de Producci\u00f3n y Servicios, se\u00f1al\u00f3 que existen m\u00faltiples problemas en la ciudad. Se les quito a los ciudadanos la feria, el camal, s\u00edmbolo de las familias de la ciudad del ornado y que ahora es la ciudad del \u201cindependiente\u201d Jos\u00e9 Ter\u00e1n. Que la brecha entre ricos y siguen en la misma direcci\u00f3n, y que van a luchar por el buen vivir, cueste lo que le cueste al burgo maestre, sostiene.<\/p>\n<p style=\"text-align: justify;\">Aguirre, asever\u00f3 que con su compa\u00f1ero Mario C\u00e1rdenas visitaron la Ciudad de Tulc\u00e1n, para conocer acerca del funcionamiento del Camal y el mercado municipal. Con esa experiencia, elaboraron un proyecto, para construir un camal de similares caracter\u00edsticas, en Rumi\u00f1ahui, cuyo costo es de USD 1\u00b4500.000. El funcionario, mencion\u00f3 que las Comisiones solo aprueban, parcelas, urbanizaciones, uso de suelo y que el tema del nuevo camal est\u00e1 en manos de contralor\u00eda. La zona azul, es un problema grave dijo Aguirre, alrededor de los mercados se parquean por horas los camioneros, y no solo eso, sino que hay quienes se creen due\u00f1os de la calle que no permiten a los ciudadanos estacionarse en los en esos sitios.<\/p>\n<p style=\"text-align: justify;\">Como cualquier ciudadano dijo haber cometido errores, por los cuales pidi\u00f3 disculpas a sus electores; pero que de esos errores y fracasos aprendi\u00f3 y ahora son sus maestros.<\/p>\n<p style=\"text-align: justify;\">FISCALIZACI\u00d3N<\/p>\n<p style=\"text-align: justify;\">En materia de fiscalizaci\u00f3n hay mucho por hacer y esa ser\u00e1 una de las estrategias a impulsar durante este a\u00f1o, dijo el edil de la lista 35. Hay un caso que llama mucho la atenci\u00f3n y es el relacionado con la urbanizaci\u00f3n Santa Clara. Hace m\u00e1s de un a\u00f1o se cre\u00f3 una propuesta de ordenanza para la construcci\u00f3n de 183 lotes y soluciones habitacionales; pero en las \u00faltimas semanas aparece un propuesta de reforma la cual tiene aspectos oscuros, pues sucede que la propuesta de 183 lotes se modific\u00f3 a tres, lo que representa grandes ingresos al urbanizador, se\u00f1al\u00f3. \u00a0Dicho documento ingres\u00f3 un d\u00eda a las 08h40 a documentaci\u00f3n y antes del medio d\u00eda ya estaba el proyecto para reformar. Por qu\u00e9 tanta rapidez en este caso se pregunt\u00f3 C\u00e1rdenas, cuando existen pedidos de habitantes de la urbanizaci\u00f3n San Fernando, manzana 130, que pasan meses esperando se les atienda un pedido de alcantarillado y no obtienen respuesta. Esa es la enorme diferencia, dice C\u00e1rdenas ya que el municipio est\u00e1 entregado a sectores hegem\u00f3nicos del cant\u00f3n y que adem\u00e1s tienen conexi\u00f3n con sectores empresariales de Quito.<\/p>\n<p style=\"text-align: justify;\">Debido a estas irregularidades el bloque de concejales de AP se opuso y se bloque\u00f3 el tratamiento debido a que hay un peligro latente en el sector y es que por ah\u00ed pasa el R\u00edo Santa Clara que representa un peligro para la poblaci\u00f3n, \u00a0porque este acarrea el riesgo de una erupci\u00f3n del Volc\u00e1n Cotopaxi. Seg\u00fan estudios, \u00a0cada 125 a\u00f1os aproximadamente existe el riesgo de una erupci\u00f3n y al parecer esa posibilidad no est\u00e1 muy remota, sentenci\u00f3 C\u00e1rdenas.<\/p>\n<p style=\"text-align: justify;\">Otro tema de fiscalizaci\u00f3n es el relacionado con el Mercado Cerrado \u201cEl Turismo\u201d. Hay un atropello a los trabajadores. Se les pretendi\u00f3 hacer firmar contratos lesivos por arrendamiento de los locales, cuando la Ley del COOTAD, es clara en ese sentido. La figura del arriendo fue suprimida y ahora rige la modalidad de regal\u00edas. Adem\u00e1s \u00a0no hay un tratamiento adecuado de la basura. La falta de un Camal que solucione los problemas de la ciudad, es el reclamo que hace la poblaci\u00f3n. Muestra de ello el d\u00eda de la rendici\u00f3n de cuentas,(viernes 27 de marzo) un grupo de ciudadanos organizados en el Comit\u00e9 por la dignidad del cant\u00f3n Rumi\u00f1ahui, ingres\u00f3 a la municipalidad un c\u00famulo de denuncias contra el Alcalde H\u00e9ctor J\u00e1come, entre ellas la revocatoria del mandato, tema presupuesto, el nuevo Camal municipal, entre otras que tendr\u00e1n que ser analizadas por la comisi\u00f3n de Meza.<\/p>\n<p style=\"text-align: justify;\">El pedido de remoci\u00f3n es un tema que el bloque Pa\u00eds analizar\u00e1 a profundidad, dijo Mario C\u00e1rdenas, apegados a la Constituci\u00f3n y la Ley con el prop\u00f3sito de dar un verdadero rumbo a la ciudad y que\u00a0 adem\u00e1s se respeten los derechos de los ciudadanos.<\/p>\n<figure id=\"attachment_8394\" aria-describedby=\"caption-attachment-8394\" style=\"width: 300px\" class=\"wp-caption alignleft\"><a href=\"http:\/\/www.ecuadoraldia.com.ec\/wp-content\/uploads\/2015\/03\/gent2.jpg\"><img loading=\"lazy\" decoding=\"async\" class=\"size-medium wp-image-8394\" alt=\"la participaci\u00f3n ciudadana fue fundamental en esta rendici\u00f3n de cuentas\" src=\"http:\/\/www.ecuadoraldia.com.ec\/wp-content\/uploads\/2015\/03\/gent2-300x168.jpg\" width=\"300\" height=\"168\" srcset=\"https:\/\/www.ecuadoraldia.com.ec\/wp-content\/uploads\/2015\/03\/gent2-300x168.jpg 300w, https:\/\/www.ecuadoraldia.com.ec\/wp-content\/uploads\/2015\/03\/gent2.jpg 596w\" sizes=\"(max-width: 300px) 100vw, 300px\" \/><\/a><figcaption id=\"caption-attachment-8394\" class=\"wp-caption-text\">la participaci\u00f3n ciudadana fue fundamental en esta rendici\u00f3n de cuentas<\/figcaption><\/figure>\n<p style=\"text-align: justify;\">El evento se realiz\u00f3 en la sede del colegio de ingenieros civiles de Rumi\u00f1ahui, estuvo matizado por la presencia de la Asamble\u00edsta alterna de AP Jenny Pillajo, la Directora del Movimiento Alianza Pa\u00eds de Rumi\u00f1ahui, quien present\u00f3 el evento al que asistieron unos 500 invitados y la participaci\u00f3n art\u00edstica de<\/p>\n<p style=\"text-align: justify;\">Paulina Moreno y el acompa\u00f1amiento musical de Edison Ramos.<\/p>\n<p style=\"text-align: justify;\"><a href=\"http:\/\/www.ecuadoraldia.com.ec\/wp-content\/uploads\/2015\/03\/musica.jpg\"><img loading=\"lazy\" decoding=\"async\" class=\"alignleft size-medium wp-image-8395\" alt=\"musica\" src=\"http:\/\/www.ecuadoraldia.com.ec\/wp-content\/uploads\/2015\/03\/musica-300x217.jpg\" width=\"300\" height=\"217\" srcset=\"https:\/\/www.ecuadoraldia.com.ec\/wp-content\/uploads\/2015\/03\/musica-300x217.jpg 300w, https:\/\/www.ecuadoraldia.com.ec\/wp-content\/uploads\/2015\/03\/musica.jpg 456w\" sizes=\"(max-width: 300px) 100vw, 300px\" \/><\/a>La participaci\u00f3n ciudadana fue fundamental en esta rendici\u00f3n de cuantas. Varios ciudadanos plantearon interrogantes al grupo de concejales de la lista 35, quienes interactuaron sobre temas referentes a la problem\u00e1tica ciudadana y la b\u00fasqueda de soluci\u00f3n. La propuesta de revocatoria del mandato del alcalde H\u00e9ctor J\u00e1come, no fue la excepci\u00f3n. Puesto que es un tema que la ciudadan\u00eda demanda.<\/p>\n<p style=\"text-align: justify;\">El Cant\u00f3n Rumi\u00f1ahui se ubica al sureste de la Provincia de Pichincha, a veinte minutos de Quito; se caracteriza por un clima agradable y su temperatura promedio es de 17 grados cent\u00edgrados. Su extensi\u00f3n es de 134.15 km. Y est\u00e1 pr\u00f3ximo a realizar sus fiestas patronales.<\/p>\n<p>&nbsp;<\/p>\n","protected":false},"excerpt":{"rendered":"<p>Tal como estaba previsto, el bloque de concejales de Alianza Pa\u00eds, del cant\u00f3n Rumi\u00f1ahui, hicieron su rendici\u00f3n de cuantas a<\/p>\n","protected":false},"author":1,"featured_media":0,"comment_status":"open","ping_status":"open","sticky":false,"template":"","format":"standard","meta":{"footnotes":""},"categories":[3],"tags":[],"_links":{"self":[{"href":"https:\/\/www.ecuadoraldia.com.ec\/index.php?rest_route=\/wp\/v2\/posts\/8138"}],"collection":[{"href":"https:\/\/www.ecuadoraldia.com.ec\/index.php?rest_route=\/wp\/v2\/posts"}],"about":[{"href":"https:\/\/www.ecuadoraldia.com.ec\/index.php?rest_route=\/wp\/v2\/types\/post"}],"author":[{"embeddable":true,"href":"https:\/\/www.ecuadoraldia.com.ec\/index.php?rest_route=\/wp\/v2\/users\/1"}],"replies":[{"embeddable":true,"href":"https:\/\/www.ecuadoraldia.com.ec\/index.php?rest_route=%2Fwp%2Fv2%2Fcomments&post=8138"}],"version-history":[{"count":3,"href":"https:\/\/www.ecuadoraldia.com.ec\/index.php?rest_route=\/wp\/v2\/posts\/8138\/revisions"}],"predecessor-version":[{"id":8390,"href":"https:\/\/www.ecuadoraldia.com.ec\/index.php?rest_route=\/wp\/v2\/posts\/8138\/revisions\/8390"}],"wp:attachment":[{"href":"https:\/\/www.ecuadoraldia.com.ec\/index.php?rest_route=%2Fwp%2Fv2%2Fmedia&parent=8138"}],"wp:term":[{"taxonomy":"category","embeddable":true,"href":"https:\/\/www.ecuadoraldia.com.ec\/index.php?rest_route=%2Fwp%2Fv2%2Fcategories&post=8138"},{"taxonomy":"post_tag","embeddable":true,"href":"https:\/\/www.ecuadoraldia.com.ec\/index.php?rest_route=%2Fwp%2Fv2%2Ftags&post=8138"}],"curies":[{"name":"wp","href":"https:\/\/api.w.org\/{rel}","templated":true}]}}