{"id":8205,"date":"2015-04-01T22:01:17","date_gmt":"2015-04-01T22:01:17","guid":{"rendered":"http:\/\/www.ecuadoraldia.com.ec\/?p=8205"},"modified":"2015-04-01T22:01:17","modified_gmt":"2015-04-01T22:01:17","slug":"aspiramos-a-que-anualmente-se-creen-45-medios-comunitarios-en-5-anos","status":"publish","type":"post","link":"https:\/\/www.ecuadoraldia.com.ec\/?p=8205","title":{"rendered":"\u201cAspiramos a que anualmente se creen 45 medios comunitarios en 5 a\u00f1os\u201d\u00a0"},"content":{"rendered":"<p style=\"text-align: justify;\"><a href=\"http:\/\/www.ecuadoraldia.com.ec\/wp-content\/uploads\/2015\/04\/PATRICIO_BARRIGA.jpg\"><img loading=\"lazy\" decoding=\"async\" class=\"alignleft size-medium wp-image-8206\" src=\"http:\/\/www.ecuadoraldia.com.ec\/wp-content\/uploads\/2015\/04\/PATRICIO_BARRIGA-300x198.jpg\" alt=\"-PATRICIO_BARRIGA\" width=\"300\" height=\"198\" srcset=\"https:\/\/www.ecuadoraldia.com.ec\/wp-content\/uploads\/2015\/04\/PATRICIO_BARRIGA-300x198.jpg 300w, https:\/\/www.ecuadoraldia.com.ec\/wp-content\/uploads\/2015\/04\/PATRICIO_BARRIGA.jpg 450w\" sizes=\"(max-width: 300px) 100vw, 300px\" \/><\/a>Patricio Barriga, presidente del Consejo de Regulaci\u00f3n y Desarrollo de la Informaci\u00f3n y Comunicaci\u00f3n (Cordicom), afirma que uno de los mayores retos de la entidad es lograr democratizar la comunicaci\u00f3n. Para ello, cree que un primer paso es la redistribuci\u00f3n del espectro radioel\u00e9ctrico, logrando el equilibrio que manda la Ley de Comunicaci\u00f3n para que exista un 33% de medios privados, 33% de p\u00fablicos y 34% de comunitarios. Sobre estos \u00faltimos, el Estado espera que haya inter\u00e9s de los gestores sociales y luego que los medios sean sostenibles.<\/p>\n<p style=\"text-align: justify;\">\u00bfQu\u00e9 reglamentos ha aprobado el Cordicom para lograr democratizar la comunicaci\u00f3n?<\/p>\n<p style=\"text-align: justify;\">La Ley de Comunicaci\u00f3n habla de la democratizaci\u00f3n de la comunicaci\u00f3n y si vamos a hablar de democratizar la comunicaci\u00f3n, debemos democratizar el espectro radioel\u00e9ctrico, y ya se ha reservado un espacio para un nuevo actor, que son los medios comunitarios, m\u00e1s all\u00e1 de los p\u00fablicos y los privados. Hemos asumido con absoluta responsabilidad este desaf\u00edo. El abordaje es para que estos medios puedan llegar a ser sostenibles en el tiempo. El Estado puede llegar a intervenir y quiz\u00e1 all\u00ed, m\u00e1s all\u00e1 como administrador del espectro radioel\u00e9ctrico de esa reserva y quiz\u00e1 de un capital de inicio, pero hemos desarrollado 31 medidas de acci\u00f3n afirmativa que se basan en 3 ejes fundamentales.<\/p>\n<p style=\"text-align: justify;\">\u00bfCu\u00e1les son estos ejes?<\/p>\n<p style=\"text-align: justify;\">Financiaci\u00f3n a trav\u00e9s de cr\u00e9ditos, otorgados mediante la banca p\u00fablica, posiblemente exenciones tributarias; en eso estamos trabajando con las instituciones que tienen la responsabilidad de ello y la capacitaci\u00f3n a los gestores.<\/p>\n<p style=\"text-align: justify;\">\u00bfCu\u00e1ntos medios comunitarios hay actualmente?<\/p>\n<p style=\"text-align: justify;\">De acuerdo al registro p\u00fablico de medios, actualmente hay el 4% de medios comunitarios de 1.149 que se han registrado en el Consejo de Regulaci\u00f3n.<\/p>\n<p style=\"text-align: justify;\">\u00bfCu\u00e1l ser\u00e1 la implicaci\u00f3n de esta nueva distribuci\u00f3n del espectro radioel\u00e9ctrico para lograr el 34% de medios comunitarios? \u00bfSe sumar\u00e1, restar\u00e1 al resto de medios en este nuevo proceso de asignaci\u00f3n de frecuencias?<\/p>\n<p style=\"text-align: justify;\">Este es un aspecto que est\u00e1 en la ley, que lo hemos venido trabajando con el Ministerio de Telecomunicaciones y que vamos a continuar con la Agencia de Regulaci\u00f3n y Control de las Telecomunicaciones (Arcotel), porque no solamente se trata de determinar con los administradores del espectro radioel\u00e9ctrico, que es el Estado, de reservar este 34% para medios comunitarios, sino darles todas las garant\u00edas para que puedan ser sostenibles en el tiempo.<\/p>\n<p style=\"text-align: justify;\">Lea tambi\u00e9n: En Carchi no hay emisoras estatales y tampoco estaciones comunitarias<\/p>\n<p style=\"text-align: justify;\">\u00bfC\u00f3mo se lograr\u00e1 sostenibilidad?<\/p>\n<p style=\"text-align: justify;\">Siempre con ventajas para lograr una equidad en el menor tiempo posible. Sabemos en este momento que la mayor\u00eda de actores son privados, que los medios p\u00fablicos no necesitan entrar a un concurso salvo que haya inter\u00e9s por una misma frecuencia, que determine por supuesto tanto para medios privados y comunitarios el proyecto comunicacional, pero siempre tendr\u00e1n una asignaci\u00f3n preferente los medios comunitarios que entren a competir.<\/p>\n<p style=\"text-align: justify;\">\u00bfEste proceso cu\u00e1ndo arrancar\u00e1?<\/p>\n<p style=\"text-align: justify;\">Lo que ya ha establecido la propia autoridad de Telecomunicaciones, en este caso, es que los concursos podr\u00edan ya abrirse desde el pr\u00f3ximo mes.<\/p>\n<p style=\"text-align: justify;\">\u00bfQu\u00e9 pasar\u00e1 con los medios privados que todav\u00eda tienen su contrato vigente?<\/p>\n<p style=\"text-align: justify;\">Debemos partir de que no existe en este momento una renovaci\u00f3n autom\u00e1tica. Con la Ley de Comunicaci\u00f3n cambiaron las reglas del juego; quien busque una concesi\u00f3n del espectro radioel\u00e9ctrico tendr\u00e1 que competir. En este sentido, se ha respetado los tiempos, que en su momento, la autoridad de Telecomunicaciones dio a los privados. Los medios que est\u00e1n operando y tienen todav\u00eda una concesi\u00f3n vigente seguir\u00e1n, los que ya vencieron tendr\u00e1n que concursar.<\/p>\n<p style=\"text-align: justify;\">Entonces, \u00bfla asignaci\u00f3n del 34% para medios comunitarios se cumplir\u00e1 en forma paulatina?<\/p>\n<p style=\"text-align: justify;\">De manera progresiva.<\/p>\n<p style=\"text-align: justify;\">\u00bfHasta cu\u00e1ndo estiman que podr\u00eda cumplirse este 34% que exige la ley para medios comunitarios?<\/p>\n<p style=\"text-align: justify;\">Tiene que ser lo m\u00e1s pronto posible, pero recuerde que tiene que haber inter\u00e9s tambi\u00e9n de parte de las organizaciones sociales y los colectivos. Creo que al Estado tambi\u00e9n le compete lograr que haya ese inter\u00e9s para participar con medios comunitarios.<\/p>\n<p style=\"text-align: justify;\">\u00bfHabr\u00e1 un proceso de capacitaci\u00f3n e incentivos para que las comunidades tengan inter\u00e9s por apostar por medios comunitarios?<\/p>\n<p style=\"text-align: justify;\">Hemos asesorado a 250 personas, tambi\u00e9n se levantaron perfiles profesionales para que puedan certificarse como gestores comunitarios. Se ha asesorado a 22 comunidades. Hemos trabajado para lograr, ojal\u00e1 en el menor tiempo posible, que haya el inter\u00e9s de los colectivos de estas organizaciones por participar en los concursos por una frecuencia que sirva a las comunidades. Hemos llevado a cabo una consultor\u00eda que estima contar con 45 medios comunitarios con una inversi\u00f3n de $ 120.000. Aspiramos a que anualmente se creen 45 medios comunitarios, en un horizonte de 5 a\u00f1os, con una sostenibilidad que les permita mantenerse. Hemos fijado estas acciones afirmativas que podr\u00edan reflejarse en un reglamento, en donde se establezcan las inversiones no solo del sector privado, que ya consta en la Ley del 10%, sino tambi\u00e9n del sector p\u00fablico.<\/p>\n<p style=\"text-align: justify;\">Un problema podr\u00eda ser la calidad, si no hay una buena preparaci\u00f3n de estos gestores comunitarios&#8230;<\/p>\n<p style=\"text-align: justify;\">Para esto ser\u00e1n las capacitaciones. Hasta el momento, 250 personas se han asesorado sobre medios comunitarios y ya hemos entrado a trabajar con 22 comunidades. Adem\u00e1s estamos trabajando en conjunto con el Servicio de Capacitaci\u00f3n Profesional y la Secretar\u00eda T\u00e9cnica de Capacitaci\u00f3n en el levantamiento de los perfiles profesionales.<\/p>\n<p style=\"text-align: justify;\">DATOS<\/p>\n<p style=\"text-align: justify;\">La Universidad Polit\u00e9cnica Estatal del Carchi (UPEC) es la \u00fanica entidad de educaci\u00f3n superior que busca obtener una frecuencia para una radio y televisi\u00f3n universitaria.<\/p>\n<p style=\"text-align: justify;\">Los programas que prev\u00e9 difundir la estaci\u00f3n del centro de educaci\u00f3n superior son acad\u00e9micos, culturales, cient\u00edficos, entre otros. La inversi\u00f3n en equipos ser\u00eda de aproximadamente $ 150 mil.<\/p>\n<p style=\"text-align: justify;\">En Manab\u00ed, una Asociaci\u00f3n de Reporteros y Comunicadores que desde hace cuatro a\u00f1os se traz\u00f3 la meta de tener una radio comunitaria, est\u00e1 realizando los tr\u00e1mites para lograr ese objetivo.(El telegrafo)<\/p>\n","protected":false},"excerpt":{"rendered":"<p>Patricio Barriga, presidente del Consejo de Regulaci\u00f3n y Desarrollo de la Informaci\u00f3n y Comunicaci\u00f3n (Cordicom), afirma que uno de los<\/p>\n","protected":false},"author":1,"featured_media":0,"comment_status":"open","ping_status":"open","sticky":false,"template":"","format":"standard","meta":{"footnotes":""},"categories":[19],"tags":[],"_links":{"self":[{"href":"https:\/\/www.ecuadoraldia.com.ec\/index.php?rest_route=\/wp\/v2\/posts\/8205"}],"collection":[{"href":"https:\/\/www.ecuadoraldia.com.ec\/index.php?rest_route=\/wp\/v2\/posts"}],"about":[{"href":"https:\/\/www.ecuadoraldia.com.ec\/index.php?rest_route=\/wp\/v2\/types\/post"}],"author":[{"embeddable":true,"href":"https:\/\/www.ecuadoraldia.com.ec\/index.php?rest_route=\/wp\/v2\/users\/1"}],"replies":[{"embeddable":true,"href":"https:\/\/www.ecuadoraldia.com.ec\/index.php?rest_route=%2Fwp%2Fv2%2Fcomments&post=8205"}],"version-history":[{"count":1,"href":"https:\/\/www.ecuadoraldia.com.ec\/index.php?rest_route=\/wp\/v2\/posts\/8205\/revisions"}],"predecessor-version":[{"id":8207,"href":"https:\/\/www.ecuadoraldia.com.ec\/index.php?rest_route=\/wp\/v2\/posts\/8205\/revisions\/8207"}],"wp:attachment":[{"href":"https:\/\/www.ecuadoraldia.com.ec\/index.php?rest_route=%2Fwp%2Fv2%2Fmedia&parent=8205"}],"wp:term":[{"taxonomy":"category","embeddable":true,"href":"https:\/\/www.ecuadoraldia.com.ec\/index.php?rest_route=%2Fwp%2Fv2%2Fcategories&post=8205"},{"taxonomy":"post_tag","embeddable":true,"href":"https:\/\/www.ecuadoraldia.com.ec\/index.php?rest_route=%2Fwp%2Fv2%2Ftags&post=8205"}],"curies":[{"name":"wp","href":"https:\/\/api.w.org\/{rel}","templated":true}]}}