{"id":8208,"date":"2015-04-01T22:06:43","date_gmt":"2015-04-01T22:06:43","guid":{"rendered":"http:\/\/www.ecuadoraldia.com.ec\/?p=8208"},"modified":"2015-04-01T22:06:43","modified_gmt":"2015-04-01T22:06:43","slug":"una-crecida-sumerge-a-150-casas-en-daular","status":"publish","type":"post","link":"https:\/\/www.ecuadoraldia.com.ec\/?p=8208","title":{"rendered":"Una crecida sumerge a 150 casas en Daular"},"content":{"rendered":"<p style=\"text-align: justify;\"><a href=\"http:\/\/www.ecuadoraldia.com.ec\/wp-content\/uploads\/2015\/04\/lluvia8.jpg\"><img loading=\"lazy\" decoding=\"async\" class=\"alignleft size-medium wp-image-8209\" src=\"http:\/\/www.ecuadoraldia.com.ec\/wp-content\/uploads\/2015\/04\/lluvia8-300x199.jpg\" alt=\"GYE WEB Daular_Zona afectada por las lluvias.\" width=\"300\" height=\"199\" srcset=\"https:\/\/www.ecuadoraldia.com.ec\/wp-content\/uploads\/2015\/04\/lluvia8-300x199.jpg 300w, https:\/\/www.ecuadoraldia.com.ec\/wp-content\/uploads\/2015\/04\/lluvia8.jpg 800w\" sizes=\"(max-width: 300px) 100vw, 300px\" \/><\/a>Al menos 500 familias tuvieron que abandonar sus viviendas, la madrugada de ayer, en la parte baja de la comuna Daular por la crecida en un punto donde se encuentran un r\u00edo y el estero.<\/p>\n<p style=\"text-align: justify;\">Las casas quedaron sumergidas y los organismos de socorro se multiplicaron para auxiliar a los damnificados. Aunque no hubo v\u00edctimas, las p\u00e9rdidas por da\u00f1os en enseres y la muerte de animales de granja son numerosas.<\/p>\n<p style=\"text-align: justify;\">Seg\u00fan los comuneros un fuerte aguacero, que empez\u00f3 como a la 01:00, en cuesti\u00f3n de 3 horas dej\u00f3 las moradas bajo el agua.<\/p>\n<p style=\"text-align: justify;\">Los Bomberos, el Grupo de Intervenci\u00f3n y Rescate (GIR) y otros socorristas acudieron para trasladar a los afectados a sitios seguros. La Secretar\u00eda de Gesti\u00f3n de Riesgos (SGR) dispuso que fueran ubicados en un albergue cercano.<\/p>\n<p style=\"text-align: justify;\">La crecida es atribuida por comuneros a la falta de dragado en caudales cercanos y a la presencia de una infraestructura en una zona de desfogue de agua. Cerca de las 17:00 de ayer otro aguacero cay\u00f3 en varios kil\u00f3metros de la v\u00eda a la Costa.<\/p>\n<p style=\"text-align: justify;\">En Quito, una fuerte lluvia, acompa\u00f1ada de una tormenta el\u00e9ctrica, cay\u00f3 a las 16:00 de ayer y caus\u00f3 la acumulaci\u00f3n de agua en varias calles del norte. El ECU-911 registr\u00f3 ligeras inundaciones en la av. Am\u00e9rica y los pasos a desnivel de la Indoam\u00e9rica y de la av. Patria y 12 de Octubre. En la av. Sim\u00f3n Bol\u00edvar, a la altura del Tri\u00e1ngulo de Piedra, se produjo un deslave que bloque\u00f3 parcialmente la v\u00eda. Hasta el cierre de esta edici\u00f3n no hubo v\u00edctimas.<\/p>\n<p style=\"text-align: justify;\">Mientras tanto, el temporal contin\u00faa causando problemas en El Oro. Un deslave en la v\u00eda Pasaje-Paccha dej\u00f3 incomunicadas a m\u00e1s de 1.000 personas que se dedican a la agricultura y ganader\u00eda. Por la magnitud del alud, la carretera estar\u00e1 cerrada cerca de 10 d\u00edas.<\/p>\n<p style=\"text-align: justify;\">Lea tambi\u00e9n: Lluvias provocaron deslave en la avenida Sim\u00f3n Bol\u00edvar<\/p>\n<p style=\"text-align: justify;\">El deslizamiento de tierra se produjo en la parroquia San Juan de Cerro, donde Euclides J\u00e1come se arriesg\u00f3 a cruzar caminando, junto a su familia, pese a que el lodo a\u00fan estaba debilitado por el aguacero que cay\u00f3 en la poblaci\u00f3n.<\/p>\n<p style=\"text-align: justify;\">\u201cQueremos cruzar algunas legumbres para venderlas en los mercados de Pasaje y Machala. Ahora debemos dar la vuelta por Zaruma y Pi\u00f1as, lo que ser\u00edan 4 horas de recorrido, cuando aqu\u00ed solo hac\u00edamos media hora\u201d, manifest\u00f3.<\/p>\n<p style=\"text-align: justify;\">Efr\u00e9n Palacios, agricultor, dijo que el deslave ocurre en un mal momento, ya que esta semana es de gran venta en los mercados por la preparaci\u00f3n de la fanesca.<\/p>\n<p style=\"text-align: justify;\">Adem\u00e1s lea: Lluvia y tormenta el\u00e9ctrica dejaron inundaciones en Quito<\/p>\n<p style=\"text-align: justify;\">\u00cdtalo Armijos, jefe pol\u00edtico del cant\u00f3n Atahualpa, explic\u00f3 que el alud se dio justo en la cantera donde explotaba material p\u00e9treo la empresa Emvial EP, de la Prefectura de El Oro. \u201cPedimos a la poblaci\u00f3n evitar la circulaci\u00f3n por este sector, puesto que es de alta peligrosidad. Se prev\u00e9 que el paso de la v\u00eda est\u00e9 habilitado en unos 10 d\u00edas\u201d, dijo.<\/p>\n<p style=\"text-align: justify;\">En el Austro, el fin de semana colaps\u00f3 el puente Pinillo 1 en la v\u00eda Minas-Tabl\u00f3n-Pucar\u00e1, que ejecuta el Ministerio de Transporte y Obras P\u00fablicas (MTOP) para conectar a los cantones Santa Isabel y Pucar\u00e1, en Azuay. La cartera de Estado analiza la construcci\u00f3n de una variante al lado derecho del talud, pues por la ca\u00edda de material es poco probable rehabilitar el paso anterior. (El telegrafo)<\/p>\n","protected":false},"excerpt":{"rendered":"<p>Al menos 500 familias tuvieron que abandonar sus viviendas, la madrugada de ayer, en la parte baja de la comuna<\/p>\n","protected":false},"author":1,"featured_media":0,"comment_status":"open","ping_status":"open","sticky":false,"template":"","format":"standard","meta":{"footnotes":""},"categories":[11],"tags":[],"_links":{"self":[{"href":"https:\/\/www.ecuadoraldia.com.ec\/index.php?rest_route=\/wp\/v2\/posts\/8208"}],"collection":[{"href":"https:\/\/www.ecuadoraldia.com.ec\/index.php?rest_route=\/wp\/v2\/posts"}],"about":[{"href":"https:\/\/www.ecuadoraldia.com.ec\/index.php?rest_route=\/wp\/v2\/types\/post"}],"author":[{"embeddable":true,"href":"https:\/\/www.ecuadoraldia.com.ec\/index.php?rest_route=\/wp\/v2\/users\/1"}],"replies":[{"embeddable":true,"href":"https:\/\/www.ecuadoraldia.com.ec\/index.php?rest_route=%2Fwp%2Fv2%2Fcomments&post=8208"}],"version-history":[{"count":1,"href":"https:\/\/www.ecuadoraldia.com.ec\/index.php?rest_route=\/wp\/v2\/posts\/8208\/revisions"}],"predecessor-version":[{"id":8210,"href":"https:\/\/www.ecuadoraldia.com.ec\/index.php?rest_route=\/wp\/v2\/posts\/8208\/revisions\/8210"}],"wp:attachment":[{"href":"https:\/\/www.ecuadoraldia.com.ec\/index.php?rest_route=%2Fwp%2Fv2%2Fmedia&parent=8208"}],"wp:term":[{"taxonomy":"category","embeddable":true,"href":"https:\/\/www.ecuadoraldia.com.ec\/index.php?rest_route=%2Fwp%2Fv2%2Fcategories&post=8208"},{"taxonomy":"post_tag","embeddable":true,"href":"https:\/\/www.ecuadoraldia.com.ec\/index.php?rest_route=%2Fwp%2Fv2%2Ftags&post=8208"}],"curies":[{"name":"wp","href":"https:\/\/api.w.org\/{rel}","templated":true}]}}