{"id":8225,"date":"2015-04-02T16:51:03","date_gmt":"2015-04-02T16:51:03","guid":{"rendered":"http:\/\/www.ecuadoraldia.com.ec\/?p=8225"},"modified":"2015-04-02T16:51:03","modified_gmt":"2015-04-02T16:51:03","slug":"feriado-de-semana-santa-inicia-este-jueves","status":"publish","type":"post","link":"https:\/\/www.ecuadoraldia.com.ec\/?p=8225","title":{"rendered":"Feriado de Semana Santa inicia este jueves"},"content":{"rendered":"<p style=\"text-align: justify;\"><a href=\"http:\/\/www.ecuadoraldia.com.ec\/wp-content\/uploads\/2015\/04\/feriado.jpg\"><img loading=\"lazy\" decoding=\"async\" class=\"alignleft size-medium wp-image-8226\" src=\"http:\/\/www.ecuadoraldia.com.ec\/wp-content\/uploads\/2015\/04\/feriado-300x199.jpg\" alt=\"feriado\" width=\"300\" height=\"199\" srcset=\"https:\/\/www.ecuadoraldia.com.ec\/wp-content\/uploads\/2015\/04\/feriado-300x199.jpg 300w, https:\/\/www.ecuadoraldia.com.ec\/wp-content\/uploads\/2015\/04\/feriado.jpg 512w\" sizes=\"(max-width: 300px) 100vw, 300px\" \/><\/a>A pocas horas del inicio del tercer feriado del a\u00f1o, correspondiente al de Viernes Santo, en varias provincias de la Costa y Sierra se espera el arribo de miles de turistas.<\/p>\n<p style=\"text-align: justify;\">Las autoridades de los diferentes cantones y las capitales provinciales promocionan los destinos y eventos que ofrecer\u00e1n a los visitantes.<\/p>\n<p style=\"text-align: justify;\">En paralelo, las iglesias de Cuenca, Riobamba, Ambato, Tulc\u00e1n, Machala, Manta y otras urbes organizan las procesiones y los actos lit\u00fargicos para recordar la muerte de Cristo.<\/p>\n<p style=\"text-align: justify;\">En Manta, a las 19:30 de ma\u00f1ana, habr\u00e1 un acto denominado \u2018El significado de la Semana Santa\u2019, junto al padre Andr\u00e9s Drouet, a cumplirse en el balneario El Murci\u00e9lago.<\/p>\n<p style=\"text-align: justify;\">Pedernales es otro de los cantones que se ha preparado para recibir a los visitantes. En la localidad de Cojim\u00edes se realizar\u00e1 el Festival del Coco.<\/p>\n<p style=\"text-align: justify;\">Portoviejo tendr\u00e1 actividades en el fin de semana, como el ciclopaseo en la ruta Portoviejo-Crucita, desde las 07:00 del s\u00e1bado. En el balneario Crucita, a las 16:30, se presentar\u00e1n los grupos musicales Santhos, Vallenato.com, Alleguez Son y la Sonora Dinamita. El domingo, desde las 10:00, se realizar\u00e1 un festival gastron\u00f3mico cultural, presentaci\u00f3n cultural y folcl\u00f3rica de los grupos Son Montubio y Mentaos de la Manigua.<\/p>\n<p style=\"text-align: justify;\">En la capital orense, los ciudadanos se alistan para trasladarse masivamente a los balnearios de Jambel\u00ed y Bajo Alto (El Guabo).<\/p>\n<p style=\"text-align: justify;\">A estas playas arriban turistas procedentes de Azuay y Loja. Cuenca, Gualaceo, Paute y otros cantones azuayos tambi\u00e9n esperan la llegada de for\u00e1neos. En estas ciudades, uno de los principales atractivos es la gastronom\u00eda, compuesta b\u00e1sicamente de carne de cerdo.<\/p>\n<p style=\"text-align: justify;\">En Tungurahua y Chimborazo, los parques acu\u00e1ticos ser\u00e1n los m\u00e1s concurridos por los viajeros de la Sierra Centro y de la Costa. Miles de uniformados dar\u00e1n seguridad.<\/p>\n<p style=\"text-align: justify;\">En Carchi, el feriado coincide con las fiestas de cantonizaci\u00f3n de Tulc\u00e1n. El Municipio organiza desfiles y otros actos para los turistas. (Telegrafo)<\/p>\n","protected":false},"excerpt":{"rendered":"<p>A pocas horas del inicio del tercer feriado del a\u00f1o, correspondiente al de Viernes Santo, en varias provincias de la<\/p>\n","protected":false},"author":1,"featured_media":0,"comment_status":"open","ping_status":"open","sticky":false,"template":"","format":"standard","meta":{"footnotes":""},"categories":[1],"tags":[],"_links":{"self":[{"href":"https:\/\/www.ecuadoraldia.com.ec\/index.php?rest_route=\/wp\/v2\/posts\/8225"}],"collection":[{"href":"https:\/\/www.ecuadoraldia.com.ec\/index.php?rest_route=\/wp\/v2\/posts"}],"about":[{"href":"https:\/\/www.ecuadoraldia.com.ec\/index.php?rest_route=\/wp\/v2\/types\/post"}],"author":[{"embeddable":true,"href":"https:\/\/www.ecuadoraldia.com.ec\/index.php?rest_route=\/wp\/v2\/users\/1"}],"replies":[{"embeddable":true,"href":"https:\/\/www.ecuadoraldia.com.ec\/index.php?rest_route=%2Fwp%2Fv2%2Fcomments&post=8225"}],"version-history":[{"count":1,"href":"https:\/\/www.ecuadoraldia.com.ec\/index.php?rest_route=\/wp\/v2\/posts\/8225\/revisions"}],"predecessor-version":[{"id":8227,"href":"https:\/\/www.ecuadoraldia.com.ec\/index.php?rest_route=\/wp\/v2\/posts\/8225\/revisions\/8227"}],"wp:attachment":[{"href":"https:\/\/www.ecuadoraldia.com.ec\/index.php?rest_route=%2Fwp%2Fv2%2Fmedia&parent=8225"}],"wp:term":[{"taxonomy":"category","embeddable":true,"href":"https:\/\/www.ecuadoraldia.com.ec\/index.php?rest_route=%2Fwp%2Fv2%2Fcategories&post=8225"},{"taxonomy":"post_tag","embeddable":true,"href":"https:\/\/www.ecuadoraldia.com.ec\/index.php?rest_route=%2Fwp%2Fv2%2Ftags&post=8225"}],"curies":[{"name":"wp","href":"https:\/\/api.w.org\/{rel}","templated":true}]}}