{"id":8228,"date":"2015-04-02T17:00:14","date_gmt":"2015-04-02T17:00:14","guid":{"rendered":"http:\/\/www.ecuadoraldia.com.ec\/?p=8228"},"modified":"2015-04-02T17:00:14","modified_gmt":"2015-04-02T17:00:14","slug":"via-aloag-santo-domingo-no-se-abrira-en-el-feriado","status":"publish","type":"post","link":"https:\/\/www.ecuadoraldia.com.ec\/?p=8228","title":{"rendered":"V\u00eda Al\u00f3ag-Santo Domingo no se abrir\u00e1 en el feriado"},"content":{"rendered":"<figure id=\"attachment_8229\" aria-describedby=\"caption-attachment-8229\" style=\"width: 275px\" class=\"wp-caption alignleft\"><a href=\"http:\/\/www.ecuadoraldia.com.ec\/wp-content\/uploads\/2015\/04\/aloag.jpg\"><img loading=\"lazy\" decoding=\"async\" class=\"size-full wp-image-8229\" src=\"http:\/\/www.ecuadoraldia.com.ec\/wp-content\/uploads\/2015\/04\/aloag.jpg\" alt=\"Foto Cortes\u00eda\" width=\"275\" height=\"183\" \/><\/a><figcaption id=\"caption-attachment-8229\" class=\"wp-caption-text\">Foto Cortes\u00eda<\/figcaption><\/figure>\n<p style=\"text-align: justify;\">El Gobierno de la provincia de Pichincha anunci\u00f3 esta ma\u00f1ana la declaratoria de la emergencia en la v\u00eda Al\u00f3ag-Santo Domingo debido a la persistencia de los factores de riesgo a lo largo de la ruta a causa del invierno.<\/p>\n<p style=\"text-align: justify;\">Por ello, el prefecto Gustavo Baroja confirm\u00f3 que la carretera permanecer\u00e1 cerrada al tr\u00e1nsito vehicular durante el feriado que se inicia ma\u00f1ana. Baroja describi\u00f3 que hay 14 puntos de riesgo a lo largo de la ruta, siendo el m\u00e1s peligroso el kil\u00f3metro 28, donde el pasado 19 de marzo un alud de 30 mil metros c\u00fabicos de piedras y lodos bloque\u00f3 la carretera y caus\u00f3 la muerte de 11 personas.<\/p>\n<p style=\"text-align: justify;\">El funcionario se\u00f1al\u00f3 que las actividades para remediar la situaci\u00f3n continuar\u00e1n realiz\u00e1ndose en los pr\u00f3ximos d\u00edas.<\/p>\n<p>En las pr\u00f3ximas horas las autoridades de la Provincia de Pichincha y santo Domingo de los Ts\u00e1chilas se reunir\u00e1n en la zona para analizar la situaci\u00f3n.<\/p>\n<p>El Alcade de Mej\u00eda, Ramiro Burgos, inform\u00f3 que se realizar\u00e1n ferias durante estos d\u00edas para ayudar a reactivar la econom\u00eda de los pobladores de Tandapi y Alluriqu\u00edn, en el cant\u00f3n Mej\u00eda. (Noticia en construcci\u00f3n)<\/p>\n","protected":false},"excerpt":{"rendered":"<p>El Gobierno de la provincia de Pichincha anunci\u00f3 esta ma\u00f1ana la declaratoria de la emergencia en la v\u00eda Al\u00f3ag-Santo Domingo<\/p>\n","protected":false},"author":1,"featured_media":0,"comment_status":"open","ping_status":"open","sticky":false,"template":"","format":"standard","meta":{"footnotes":""},"categories":[1],"tags":[],"_links":{"self":[{"href":"https:\/\/www.ecuadoraldia.com.ec\/index.php?rest_route=\/wp\/v2\/posts\/8228"}],"collection":[{"href":"https:\/\/www.ecuadoraldia.com.ec\/index.php?rest_route=\/wp\/v2\/posts"}],"about":[{"href":"https:\/\/www.ecuadoraldia.com.ec\/index.php?rest_route=\/wp\/v2\/types\/post"}],"author":[{"embeddable":true,"href":"https:\/\/www.ecuadoraldia.com.ec\/index.php?rest_route=\/wp\/v2\/users\/1"}],"replies":[{"embeddable":true,"href":"https:\/\/www.ecuadoraldia.com.ec\/index.php?rest_route=%2Fwp%2Fv2%2Fcomments&post=8228"}],"version-history":[{"count":1,"href":"https:\/\/www.ecuadoraldia.com.ec\/index.php?rest_route=\/wp\/v2\/posts\/8228\/revisions"}],"predecessor-version":[{"id":8230,"href":"https:\/\/www.ecuadoraldia.com.ec\/index.php?rest_route=\/wp\/v2\/posts\/8228\/revisions\/8230"}],"wp:attachment":[{"href":"https:\/\/www.ecuadoraldia.com.ec\/index.php?rest_route=%2Fwp%2Fv2%2Fmedia&parent=8228"}],"wp:term":[{"taxonomy":"category","embeddable":true,"href":"https:\/\/www.ecuadoraldia.com.ec\/index.php?rest_route=%2Fwp%2Fv2%2Fcategories&post=8228"},{"taxonomy":"post_tag","embeddable":true,"href":"https:\/\/www.ecuadoraldia.com.ec\/index.php?rest_route=%2Fwp%2Fv2%2Ftags&post=8228"}],"curies":[{"name":"wp","href":"https:\/\/api.w.org\/{rel}","templated":true}]}}