{"id":8234,"date":"2015-04-03T23:42:58","date_gmt":"2015-04-03T23:42:58","guid":{"rendered":"http:\/\/www.ecuadoraldia.com.ec\/?p=8234"},"modified":"2015-04-03T23:42:58","modified_gmt":"2015-04-03T23:42:58","slug":"la-misa-de-viernes-santo-en-el-vaticano-se-baso-en-la-defensa-de-los-cristianos","status":"publish","type":"post","link":"https:\/\/www.ecuadoraldia.com.ec\/?p=8234","title":{"rendered":"La misa de Viernes Santo en el Vaticano se bas\u00f3 en la defensa de los cristianos"},"content":{"rendered":"<p style=\"text-align: justify;\"><a href=\"http:\/\/www.ecuadoraldia.com.ec\/wp-content\/uploads\/2015\/04\/misa.jpg\"><img loading=\"lazy\" decoding=\"async\" class=\"alignleft size-medium wp-image-8235\" src=\"http:\/\/www.ecuadoraldia.com.ec\/wp-content\/uploads\/2015\/04\/misa-300x199.jpg\" alt=\"misa\" width=\"300\" height=\"199\" srcset=\"https:\/\/www.ecuadoraldia.com.ec\/wp-content\/uploads\/2015\/04\/misa-300x199.jpg 300w, https:\/\/www.ecuadoraldia.com.ec\/wp-content\/uploads\/2015\/04\/misa.jpg 450w\" sizes=\"(max-width: 300px) 100vw, 300px\" \/><\/a>\u00abLa preocupante indiferencia\u00bb de los responsables occidentales ante la persecuci\u00f3n de los cristianos en el mundo fue denunciada con vigor este viernes durante la misa de la Pasi\u00f3n en la bas\u00edlica de San Pedro.<\/p>\n<p style=\"text-align: justify;\">La misa solemne de Viernes Santo, presidida por el papa Francisco, conmemora el juicio, la subida al calvario y la crucifixi\u00f3n de Jes\u00fas en Jerusal\u00e9n.<\/p>\n<p style=\"text-align: justify;\">El predicador de la Casa Pontificia, el franciscano Raniero Cantalamessa, conden\u00f3 la \u00abfuria yihadista de los extremistas somal\u00edes\u00bb que el jueves masacraron a 148 personas en un asalto a una universidad keniana.<\/p>\n<p style=\"text-align: justify;\">\u00abTodos corremos el riesgo -instituciones y personas en el mundo occidental- de ser el Poncio Pilato que se lava las manos\u00bb, a\u00f1adi\u00f3.<\/p>\n<p style=\"text-align: justify;\">\u00abLos cristianos\u00bb, destac\u00f3 el predicador, \u00abno son las \u00fanicas v\u00edctimas de la violencia homicida en el mundo, pero no se puede ignorar que son las v\u00edctimas designadas y las m\u00e1s frecuentes en numerosos pa\u00edses\u00bb.<\/p>\n<p style=\"text-align: justify;\">El padre Cantalamessa mencion\u00f3 igualmente los 21 coptos egipcios asesinados el pasado mes de febrero por un grupo yihadista en Libia, mientras \u00abmurmuraban el nombre de Jes\u00fas\u00bb, indic\u00f3.<\/p>\n<p style=\"text-align: justify;\">Al principio de la celebraci\u00f3n el papa Francisco, vestido con casulla roja, rez\u00f3 en el suelo de la bas\u00edlica, ante el altar mayor, mientras la asamblea rezaba en silencio.<\/p>\n<p style=\"text-align: justify;\">Francisco conden\u00f3 este mismo viernes la \u00abinsensata brutalidad\u00bb del ataque en Kenia, en un telegrama enviado al presidente de la conferencia episcopal, el cardenal John Njue. (AFP)<\/p>\n<p style=\"text-align: justify;\">\n<p>&nbsp;<\/p>\n<p>&nbsp;<\/p>\n<p>&nbsp;<\/p>\n","protected":false},"excerpt":{"rendered":"<p>\u00abLa preocupante indiferencia\u00bb de los responsables occidentales ante la persecuci\u00f3n de los cristianos en el mundo fue denunciada con vigor<\/p>\n","protected":false},"author":1,"featured_media":0,"comment_status":"open","ping_status":"open","sticky":false,"template":"","format":"standard","meta":{"footnotes":""},"categories":[7],"tags":[],"_links":{"self":[{"href":"https:\/\/www.ecuadoraldia.com.ec\/index.php?rest_route=\/wp\/v2\/posts\/8234"}],"collection":[{"href":"https:\/\/www.ecuadoraldia.com.ec\/index.php?rest_route=\/wp\/v2\/posts"}],"about":[{"href":"https:\/\/www.ecuadoraldia.com.ec\/index.php?rest_route=\/wp\/v2\/types\/post"}],"author":[{"embeddable":true,"href":"https:\/\/www.ecuadoraldia.com.ec\/index.php?rest_route=\/wp\/v2\/users\/1"}],"replies":[{"embeddable":true,"href":"https:\/\/www.ecuadoraldia.com.ec\/index.php?rest_route=%2Fwp%2Fv2%2Fcomments&post=8234"}],"version-history":[{"count":1,"href":"https:\/\/www.ecuadoraldia.com.ec\/index.php?rest_route=\/wp\/v2\/posts\/8234\/revisions"}],"predecessor-version":[{"id":8236,"href":"https:\/\/www.ecuadoraldia.com.ec\/index.php?rest_route=\/wp\/v2\/posts\/8234\/revisions\/8236"}],"wp:attachment":[{"href":"https:\/\/www.ecuadoraldia.com.ec\/index.php?rest_route=%2Fwp%2Fv2%2Fmedia&parent=8234"}],"wp:term":[{"taxonomy":"category","embeddable":true,"href":"https:\/\/www.ecuadoraldia.com.ec\/index.php?rest_route=%2Fwp%2Fv2%2Fcategories&post=8234"},{"taxonomy":"post_tag","embeddable":true,"href":"https:\/\/www.ecuadoraldia.com.ec\/index.php?rest_route=%2Fwp%2Fv2%2Ftags&post=8234"}],"curies":[{"name":"wp","href":"https:\/\/api.w.org\/{rel}","templated":true}]}}