{"id":8241,"date":"2015-04-03T23:48:53","date_gmt":"2015-04-03T23:48:53","guid":{"rendered":"http:\/\/www.ecuadoraldia.com.ec\/?p=8241"},"modified":"2015-04-03T23:48:53","modified_gmt":"2015-04-03T23:48:53","slug":"corte-de-comercio-de-eeuu-descarto-apelacion-de-cogsi-contra-ecuador-y-otros-paises-productores-de-camaron","status":"publish","type":"post","link":"https:\/\/www.ecuadoraldia.com.ec\/?p=8241","title":{"rendered":"Corte de Comercio de EEUU descart\u00f3 apelaci\u00f3n de COGSI contra Ecuador y otros pa\u00edses productores de camar\u00f3n"},"content":{"rendered":"<p style=\"text-align: justify;\"><a href=\"http:\/\/www.ecuadoraldia.com.ec\/wp-content\/uploads\/2015\/04\/corte_eeuu-.jpg\"><img loading=\"lazy\" decoding=\"async\" class=\"alignleft size-full wp-image-8242\" src=\"http:\/\/www.ecuadoraldia.com.ec\/wp-content\/uploads\/2015\/04\/corte_eeuu-.jpg\" alt=\"corte_eeuu-\" width=\"263\" height=\"180\" \/><\/a>El fallo de la Corte de Comercio Internacional de EEUU se esperaba para fines de 2014, sin embargo hoy se reiter\u00f3 que no hubo comercio desleal por parte del Ecuador y otros pa\u00edses productores de camar\u00f3n.<\/p>\n<p style=\"text-align: justify;\">Esta informaci\u00f3n fue publicada por Jos\u00e9 Antonio Camposano, presidente de la C\u00e1mara Nacional de Acuacultura, en su cuenta de Twitter durante esta tarde.<\/p>\n<p style=\"text-align: justify;\">El funcionario record\u00f3 que en 2013, Ecuador tuvo que enfrentar una demanda por parte de la Coalici\u00f3n de Industriales Camaroneros del Golfo (Cogsi), por supuestos subsidios que reciben los productores ecuatorianos y de pa\u00edses asi\u00e1ticos.<\/p>\n<p style=\"text-align: justify;\">Seg\u00fan el organismo, esto reduc\u00eda los precios del producto en el mercado norteamericano y afectaba a la industria local.<\/p>\n<p style=\"text-align: justify;\">La demanda hizo que durante 2 meses se imponga un arancel del 12%, como medida de protecci\u00f3n al camar\u00f3n ecuatoriano para su entrada a ese pa\u00eds.<\/p>\n<p style=\"text-align: justify;\">A finales de 2013 la Cogsi perdi\u00f3 el caso, tanto en el Departamento de Comercio de EEUU, como en la Comisi\u00f3n de Comercio Internacional .<\/p>\n<p style=\"text-align: justify;\">\u00abLa apelaci\u00f3n buscaba reabrir el caso con el potencial riesgo de nuevamente tener que pagar aranceles, m\u00e1s los costos legales que implica defenderse en EEUU\u00bb, apunt\u00f3 Camposano.<\/p>\n<p style=\"text-align: justify;\">Los demandantes podr\u00edan apelar una vez m\u00e1s, sin embargo, ser\u00eda m\u00e1s dif\u00edcil luego de una tercera instancia perdida, asegur\u00f3 el experto.(El Tel\u00e9grafo)<\/p>\n","protected":false},"excerpt":{"rendered":"<p>El fallo de la Corte de Comercio Internacional de EEUU se esperaba para fines de 2014, sin embargo hoy se<\/p>\n","protected":false},"author":1,"featured_media":0,"comment_status":"open","ping_status":"open","sticky":false,"template":"","format":"standard","meta":{"footnotes":""},"categories":[5],"tags":[],"_links":{"self":[{"href":"https:\/\/www.ecuadoraldia.com.ec\/index.php?rest_route=\/wp\/v2\/posts\/8241"}],"collection":[{"href":"https:\/\/www.ecuadoraldia.com.ec\/index.php?rest_route=\/wp\/v2\/posts"}],"about":[{"href":"https:\/\/www.ecuadoraldia.com.ec\/index.php?rest_route=\/wp\/v2\/types\/post"}],"author":[{"embeddable":true,"href":"https:\/\/www.ecuadoraldia.com.ec\/index.php?rest_route=\/wp\/v2\/users\/1"}],"replies":[{"embeddable":true,"href":"https:\/\/www.ecuadoraldia.com.ec\/index.php?rest_route=%2Fwp%2Fv2%2Fcomments&post=8241"}],"version-history":[{"count":1,"href":"https:\/\/www.ecuadoraldia.com.ec\/index.php?rest_route=\/wp\/v2\/posts\/8241\/revisions"}],"predecessor-version":[{"id":8243,"href":"https:\/\/www.ecuadoraldia.com.ec\/index.php?rest_route=\/wp\/v2\/posts\/8241\/revisions\/8243"}],"wp:attachment":[{"href":"https:\/\/www.ecuadoraldia.com.ec\/index.php?rest_route=%2Fwp%2Fv2%2Fmedia&parent=8241"}],"wp:term":[{"taxonomy":"category","embeddable":true,"href":"https:\/\/www.ecuadoraldia.com.ec\/index.php?rest_route=%2Fwp%2Fv2%2Fcategories&post=8241"},{"taxonomy":"post_tag","embeddable":true,"href":"https:\/\/www.ecuadoraldia.com.ec\/index.php?rest_route=%2Fwp%2Fv2%2Ftags&post=8241"}],"curies":[{"name":"wp","href":"https:\/\/api.w.org\/{rel}","templated":true}]}}