{"id":8245,"date":"2015-04-04T00:22:29","date_gmt":"2015-04-04T00:22:29","guid":{"rendered":"http:\/\/www.ecuadoraldia.com.ec\/?p=8245"},"modified":"2015-04-04T00:22:29","modified_gmt":"2015-04-04T00:22:29","slug":"cuatro-muertos-en-accidente-vial-en-sigchos","status":"publish","type":"post","link":"https:\/\/www.ecuadoraldia.com.ec\/?p=8245","title":{"rendered":"Cuatro muertos en accidente vial en Sigchos"},"content":{"rendered":"<figure id=\"attachment_8246\" aria-describedby=\"caption-attachment-8246\" style=\"width: 300px\" class=\"wp-caption alignleft\"><a href=\"http:\/\/www.ecuadoraldia.com.ec\/wp-content\/uploads\/2015\/04\/accidentesigchos.jpg\"><img loading=\"lazy\" decoding=\"async\" class=\"size-medium wp-image-8246\" src=\"http:\/\/www.ecuadoraldia.com.ec\/wp-content\/uploads\/2015\/04\/accidentesigchos-300x198.jpg\" alt=\"Foto Cotopaxinoticias\" width=\"300\" height=\"198\" srcset=\"https:\/\/www.ecuadoraldia.com.ec\/wp-content\/uploads\/2015\/04\/accidentesigchos-300x198.jpg 300w, https:\/\/www.ecuadoraldia.com.ec\/wp-content\/uploads\/2015\/04\/accidentesigchos.jpg 500w\" sizes=\"(max-width: 300px) 100vw, 300px\" \/><\/a><figcaption id=\"caption-attachment-8246\" class=\"wp-caption-text\">Foto Cotopaxinoticias<\/figcaption><\/figure>\n<p style=\"text-align: justify;\">Cotopaxi,3 abril 2015.Un lamentable hecho se registr\u00f3 la ma\u00f1ana de hoy, debido a que cuatro<\/p>\n<p style=\"text-align: justify;\">personas de una misma familia perecieron tr\u00e1gicamente al momento que el<br \/>\nautomotor en el que viajaban se precipit\u00f3 a un abismo de aproximadamente<br \/>\n500 metros.<\/p>\n<p>El accidente ocurri\u00f3 a las 08:30 en el sector conocido como Las Manzanas a<br \/>\n10 minutos de Sigchos, cant\u00f3n de Cotopaxi que se encuentra a una hora y<br \/>\nmedia al noroccidente de la capital provincial.<\/p>\n<p>Integrantes del Cuerpo de Bomberos de Latacunga, Sigchos y Saquisil\u00ed<br \/>\ncolaboraron en las tareas de rescate de las v\u00edctimas.<\/p>\n<p>Adem\u00e1s una menor de 12 a\u00f1os de edad result\u00f3 herida y fue llevada a una casa<br \/>\nde salud.Los fallecidos son tres adultos y un ni\u00f1o, quienes salieron proyectados delveh\u00edculo mientras este ca\u00eda por la pendiente.<\/p>\n<p>Las tareas de rescate de los cuerpos finalizaron pasadas las 13:40. (La hora)<\/p>\n","protected":false},"excerpt":{"rendered":"<p>Cotopaxi,3 abril 2015.Un lamentable hecho se registr\u00f3 la ma\u00f1ana de hoy, debido a que cuatro personas de una misma familia<\/p>\n","protected":false},"author":1,"featured_media":0,"comment_status":"open","ping_status":"open","sticky":false,"template":"","format":"standard","meta":{"footnotes":""},"categories":[1],"tags":[],"_links":{"self":[{"href":"https:\/\/www.ecuadoraldia.com.ec\/index.php?rest_route=\/wp\/v2\/posts\/8245"}],"collection":[{"href":"https:\/\/www.ecuadoraldia.com.ec\/index.php?rest_route=\/wp\/v2\/posts"}],"about":[{"href":"https:\/\/www.ecuadoraldia.com.ec\/index.php?rest_route=\/wp\/v2\/types\/post"}],"author":[{"embeddable":true,"href":"https:\/\/www.ecuadoraldia.com.ec\/index.php?rest_route=\/wp\/v2\/users\/1"}],"replies":[{"embeddable":true,"href":"https:\/\/www.ecuadoraldia.com.ec\/index.php?rest_route=%2Fwp%2Fv2%2Fcomments&post=8245"}],"version-history":[{"count":1,"href":"https:\/\/www.ecuadoraldia.com.ec\/index.php?rest_route=\/wp\/v2\/posts\/8245\/revisions"}],"predecessor-version":[{"id":8247,"href":"https:\/\/www.ecuadoraldia.com.ec\/index.php?rest_route=\/wp\/v2\/posts\/8245\/revisions\/8247"}],"wp:attachment":[{"href":"https:\/\/www.ecuadoraldia.com.ec\/index.php?rest_route=%2Fwp%2Fv2%2Fmedia&parent=8245"}],"wp:term":[{"taxonomy":"category","embeddable":true,"href":"https:\/\/www.ecuadoraldia.com.ec\/index.php?rest_route=%2Fwp%2Fv2%2Fcategories&post=8245"},{"taxonomy":"post_tag","embeddable":true,"href":"https:\/\/www.ecuadoraldia.com.ec\/index.php?rest_route=%2Fwp%2Fv2%2Ftags&post=8245"}],"curies":[{"name":"wp","href":"https:\/\/api.w.org\/{rel}","templated":true}]}}