{"id":8249,"date":"2015-04-04T00:29:19","date_gmt":"2015-04-04T00:29:19","guid":{"rendered":"http:\/\/www.ecuadoraldia.com.ec\/?p=8249"},"modified":"2015-04-04T00:29:19","modified_gmt":"2015-04-04T00:29:19","slug":"nuevas-tarifas-en-el-taxismo-rigen-para-quito","status":"publish","type":"post","link":"https:\/\/www.ecuadoraldia.com.ec\/?p=8249","title":{"rendered":"Nuevas tarifas en el taxismo rigen para Quito"},"content":{"rendered":"<p style=\"text-align: justify;\"><a href=\"http:\/\/www.ecuadoraldia.com.ec\/wp-content\/uploads\/2015\/04\/tarifas-taxi.jpg\"><img loading=\"lazy\" decoding=\"async\" class=\"alignleft size-medium wp-image-8250\" src=\"http:\/\/www.ecuadoraldia.com.ec\/wp-content\/uploads\/2015\/04\/tarifas-taxi-300x225.jpg\" alt=\"tarifas taxi\" width=\"300\" height=\"225\" srcset=\"https:\/\/www.ecuadoraldia.com.ec\/wp-content\/uploads\/2015\/04\/tarifas-taxi-300x225.jpg 300w, https:\/\/www.ecuadoraldia.com.ec\/wp-content\/uploads\/2015\/04\/tarifas-taxi.jpg 800w\" sizes=\"(max-width: 300px) 100vw, 300px\" \/><\/a>La aprobaci\u00f3n de las nuevas tarifas de taxis no estuvo libre de pol\u00e9mica dentro del Concejo Metropolitano, a donde solo acudieron 12 de los 21 ediles m\u00e1s el alcalde, Mauricio Rodas, para participar del debate.<\/p>\n<p style=\"text-align: justify;\">Pocos minutos antes de que se instalara la sesi\u00f3n, el coordinador de concejales de Alianza PAIS, Carlos P\u00e1ez, convoc\u00f3 a una rueda de prensa en la oficina de su colega, Jorge Alb\u00e1n, para anunciar que no ingresar\u00edan al pleno del Concejo.<\/p>\n<p style=\"text-align: justify;\">Acompa\u00f1ado de nueve de sus compa\u00f1eros que quedan en el bloque, tras la separaci\u00f3n de Karen y Eddy S\u00e1nchez por desacuerdos con los lineamientos, P\u00e1ez adujo que la decisi\u00f3n se deb\u00eda a que no contaban con la informaci\u00f3n suficiente.<\/p>\n<p style=\"text-align: justify;\">Por momentos levantando la voz, como para dejar en claro su posici\u00f3n, asegur\u00f3 que desde hace dos meses pidi\u00f3 a la Alcald\u00eda que se le proporcionaran los estudios en los que se bas\u00f3 el incremento de los valores \u201cpara verificar su consistencia\u201d.<\/p>\n<p style=\"text-align: justify;\">Lo que m\u00e1s le disgust\u00f3 fue que se indicara que los aranceles aplicados por el Gobierno al 30% de las importaciones, entre las que se incluye a las llantas, haya tenido un impacto en las tarifas, tal como lo dice la ordenanza que fue tramitada.<\/p>\n<p style=\"text-align: justify;\">Rechazo<\/p>\n<p style=\"text-align: justify;\">La posici\u00f3n asumida por P\u00e1ez no sorprendi\u00f3 a los nueve concejales de SUMA-VIVE, quienes recordaron que en febrero pasado, de la misma forma, se pretendi\u00f3 bloquear el acuerdo entre el Municipio y los transportistas urbanos.<\/p>\n<p style=\"text-align: justify;\">La vicealcaldesa, Daniela Chac\u00f3n, fue la m\u00e1s en\u00e9rgica al se\u00f1alar que sent\u00eda \u201cverg\u00fcenza ajena\u201d por la actitud asumida por los ediles de Alianza PAIS.<\/p>\n<p style=\"text-align: justify;\">\u201cLos quite\u00f1os no votaron, no confiaron en nosotros simplemente para hacer lo que nuestro partido dice, sino para hacer lo que le beneficia a la ciudad\u201d, expres\u00f3, tras comprometer a los taxistas a mejorar su servicio.<\/p>\n<p style=\"text-align: justify;\">Eduardo del Pozo, edil del movimiento CREO, acus\u00f3 al bloque de PAIS de estar atr\u00e1s de una \u201cpolitizaci\u00f3n del tema (para) tratar de lavarse las manos del famoso tema arancelario que nos est\u00e1n imponiendo a todos los ecuatorianos\u201d.<\/p>\n<p style=\"text-align: justify;\">Sostuvo que esa medida, \u201cdefinitivamente, s\u00ed afecta, todos los bolsillos de los quite\u00f1os, de los ecuatorianos, y que tambi\u00e9n, por supuesto, ha incidido en el alza de la tarifa del sector y del gremio del transporte\u201d.<\/p>\n<p style=\"text-align: justify;\">Sustento<\/p>\n<p style=\"text-align: justify;\">El presidente de la Comisi\u00f3n de Movilidad, Eddy S\u00e1nchez, por su parte, defendi\u00f3 el ajuste en los valores del servicio de taxis, que se basa en un estudio elaborado por la Pontificia Universidad Cat\u00f3lica del Ecuador (PUCE).<\/p>\n<p style=\"text-align: justify;\">Corrobor\u00f3 que para ese informe, entre otros elementos, se tom\u00f3 en cuenta que los aranceles aumentan en un 5% el costo de las llantas importadas, que son uno de los componentes que usan los taxistas quienes por 12 a\u00f1os mantuvieron congeladas sus tarifas.<br \/>\nAl final, la nueva tabla de costos de este servicio fue aprobada y tanto Rodas como Carlos Brunis, presidente de la Uni\u00f3n de Taxis de Pichincha, negaron que todo esto sea producto de un compromiso asumido en la pasada campa\u00f1a electoral. (RVD)<\/p>\n<p>Tarifas aprobadas<br \/>\nSidebar Introducci\u00f3n<\/p>\n<p>\u00b0 1,45 d\u00f3lares, la carrera m\u00ednima durante el d\u00eda<\/p>\n<p>\u00b0 1,75 d\u00f3lares, la carrera nocturna<\/p>\n<p>\u00b0 0,50 centavos, el costo de la arranca<\/p>\n<p>\u00b0 0,40 centavos, el costo por kil\u00f3metro recorrido<\/p>\n<p>\u00b0 0,10 centavos por minuto de espera<\/p>\n<p>El dato<\/p>\n<p>Los nuevos valores no se aplicar\u00e1n de forma inmediata, antes Rodas deber\u00e1 poner el ejec\u00fatese. 13 votos<\/p>\n<p>, incluidos los del Alcalde y de los ediles independientes Karen y Eddy S\u00e1nchez, aprobaron el ajuste; los 9 ediles de Alianza PAIS no asistieron. (La Hora)<\/p>\n","protected":false},"excerpt":{"rendered":"<p>La aprobaci\u00f3n de las nuevas tarifas de taxis no estuvo libre de pol\u00e9mica dentro del Concejo Metropolitano, a donde solo<\/p>\n","protected":false},"author":1,"featured_media":0,"comment_status":"open","ping_status":"open","sticky":false,"template":"","format":"standard","meta":{"footnotes":""},"categories":[14],"tags":[],"_links":{"self":[{"href":"https:\/\/www.ecuadoraldia.com.ec\/index.php?rest_route=\/wp\/v2\/posts\/8249"}],"collection":[{"href":"https:\/\/www.ecuadoraldia.com.ec\/index.php?rest_route=\/wp\/v2\/posts"}],"about":[{"href":"https:\/\/www.ecuadoraldia.com.ec\/index.php?rest_route=\/wp\/v2\/types\/post"}],"author":[{"embeddable":true,"href":"https:\/\/www.ecuadoraldia.com.ec\/index.php?rest_route=\/wp\/v2\/users\/1"}],"replies":[{"embeddable":true,"href":"https:\/\/www.ecuadoraldia.com.ec\/index.php?rest_route=%2Fwp%2Fv2%2Fcomments&post=8249"}],"version-history":[{"count":1,"href":"https:\/\/www.ecuadoraldia.com.ec\/index.php?rest_route=\/wp\/v2\/posts\/8249\/revisions"}],"predecessor-version":[{"id":8251,"href":"https:\/\/www.ecuadoraldia.com.ec\/index.php?rest_route=\/wp\/v2\/posts\/8249\/revisions\/8251"}],"wp:attachment":[{"href":"https:\/\/www.ecuadoraldia.com.ec\/index.php?rest_route=%2Fwp%2Fv2%2Fmedia&parent=8249"}],"wp:term":[{"taxonomy":"category","embeddable":true,"href":"https:\/\/www.ecuadoraldia.com.ec\/index.php?rest_route=%2Fwp%2Fv2%2Fcategories&post=8249"},{"taxonomy":"post_tag","embeddable":true,"href":"https:\/\/www.ecuadoraldia.com.ec\/index.php?rest_route=%2Fwp%2Fv2%2Ftags&post=8249"}],"curies":[{"name":"wp","href":"https:\/\/api.w.org\/{rel}","templated":true}]}}