{"id":8256,"date":"2015-04-04T01:05:51","date_gmt":"2015-04-04T01:05:51","guid":{"rendered":"http:\/\/www.ecuadoraldia.com.ec\/?p=8256"},"modified":"2015-04-04T01:05:51","modified_gmt":"2015-04-04T01:05:51","slug":"bernardo-abad-deja-teleamazonas-sustentado-en-varias-razones","status":"publish","type":"post","link":"https:\/\/www.ecuadoraldia.com.ec\/?p=8256","title":{"rendered":"Bernardo Abad deja Teleamazonas sustentado en \u201cvarias razones\u201d"},"content":{"rendered":"<p style=\"text-align: justify;\"><a href=\"http:\/\/www.ecuadoraldia.com.ec\/wp-content\/uploads\/2015\/04\/1-Bernardo-Abad-.jpg\"><img loading=\"lazy\" decoding=\"async\" class=\"alignleft size-medium wp-image-8257\" src=\"http:\/\/www.ecuadoraldia.com.ec\/wp-content\/uploads\/2015\/04\/1-Bernardo-Abad--300x201.jpg\" alt=\"1-Bernardo-Abad-\" width=\"300\" height=\"201\" srcset=\"https:\/\/www.ecuadoraldia.com.ec\/wp-content\/uploads\/2015\/04\/1-Bernardo-Abad--300x201.jpg 300w, https:\/\/www.ecuadoraldia.com.ec\/wp-content\/uploads\/2015\/04\/1-Bernardo-Abad-.jpg 600w\" sizes=\"(max-width: 300px) 100vw, 300px\" \/><\/a>ABRIL 2, 2015 8:10 AM VER M\u00c1S DE: BERNARDO ABAD DEJA<\/p>\n<p style=\"text-align: justify;\">TELEAMAZONAS, BERNARDO ABAD TELEAMAZONAS, BERNARDO ABAD TELEAMAZONAS RAZONES DESPIDO, BERNARDO ABAD TELEAMAZONAS SALIDA, QUE PASO BERNARDO ABAD TELEAMAZONAS<\/p>\n<p style=\"text-align: justify;\">Bernardo Abad es uno de los presentadores de noticias m\u00e1s reconocidos del pa\u00eds. En el noticiero matinal de Teleamazonas fue influyente gracias al segmento \u2018De Primera Mano\u2019 y adem\u00e1s por su forma de cuestionar noticias coyunturales del pa\u00eds.<\/p>\n<p style=\"text-align: justify;\">Hoy, ante los televidentes de este espacio precis\u00f3 que ser\u00eda su \u00faltimo d\u00eda ante las c\u00e1maras y se despidi\u00f3 argumentando \u201cvarias razones\u201d.<\/p>\n<p style=\"text-align: justify;\">En el noticiero present\u00f3 un video donde retrato su recorrido por el canal quite\u00f1o, adem\u00e1s agradeci\u00f3 a Juan Zapata y al cantante Damiano.<\/p>\n<p style=\"text-align: justify;\">BERNARDO ABAD DEJA TELEAMAZONAS<\/p>\n<p style=\"text-align: justify;\">Gisela Bayona, presentadora del \u2018Lindo Canal\u2019 lo confirm\u00f3 en redes sociales de esta manera: S\u00ed,Bernardo Abad deja TELEAMAZONAS. Pese a enormes diferencias entre ambos creo que su salida es una p\u00e9rdida para el periodismo\u201d.<\/p>\n<p style=\"text-align: justify;\">Otro compa\u00f1ero de canal que se despidi\u00f3 de Abad fue Alberto Astudillo quien indic\u00f3: \u201cBernardo Abad se despide de Teleamazonas. Gracias por tu dedicaci\u00f3n y ganas en este espacio dedicado a la comunidad. Abrazo eterno y \u00c9XITOS\u201d.<\/p>\n<p style=\"text-align: justify;\">Esteban \u00c1vila, usuario en Twitter precis\u00f3: \u201cTe puede o no gustar su estilo, pero Bernardo Abad hizo \u00e9poca. Hoy se despidi\u00f3 de Teleamazonas. Un homenaje a su trayectoria. No quiero creer que sean \u201cpresiones del gobierno\u201d las que alejan a Bernardo Abad de Canal 4. Simplemente, se cumplen ciclos\u201d.<\/p>\n<p style=\"text-align: justify;\">VIDEO DE BERNARDO ABAD EN TELEAMAZONAS<br \/>\nhttps:\/\/youtu.be\/43z3pBocSec<\/p>\n<p>&nbsp;<\/p>\n","protected":false},"excerpt":{"rendered":"<p>ABRIL 2, 2015 8:10 AM VER M\u00c1S DE: BERNARDO ABAD DEJA TELEAMAZONAS, BERNARDO ABAD TELEAMAZONAS, BERNARDO ABAD TELEAMAZONAS RAZONES DESPIDO,<\/p>\n","protected":false},"author":1,"featured_media":0,"comment_status":"open","ping_status":"open","sticky":false,"template":"","format":"standard","meta":{"footnotes":""},"categories":[4],"tags":[],"_links":{"self":[{"href":"https:\/\/www.ecuadoraldia.com.ec\/index.php?rest_route=\/wp\/v2\/posts\/8256"}],"collection":[{"href":"https:\/\/www.ecuadoraldia.com.ec\/index.php?rest_route=\/wp\/v2\/posts"}],"about":[{"href":"https:\/\/www.ecuadoraldia.com.ec\/index.php?rest_route=\/wp\/v2\/types\/post"}],"author":[{"embeddable":true,"href":"https:\/\/www.ecuadoraldia.com.ec\/index.php?rest_route=\/wp\/v2\/users\/1"}],"replies":[{"embeddable":true,"href":"https:\/\/www.ecuadoraldia.com.ec\/index.php?rest_route=%2Fwp%2Fv2%2Fcomments&post=8256"}],"version-history":[{"count":1,"href":"https:\/\/www.ecuadoraldia.com.ec\/index.php?rest_route=\/wp\/v2\/posts\/8256\/revisions"}],"predecessor-version":[{"id":8258,"href":"https:\/\/www.ecuadoraldia.com.ec\/index.php?rest_route=\/wp\/v2\/posts\/8256\/revisions\/8258"}],"wp:attachment":[{"href":"https:\/\/www.ecuadoraldia.com.ec\/index.php?rest_route=%2Fwp%2Fv2%2Fmedia&parent=8256"}],"wp:term":[{"taxonomy":"category","embeddable":true,"href":"https:\/\/www.ecuadoraldia.com.ec\/index.php?rest_route=%2Fwp%2Fv2%2Fcategories&post=8256"},{"taxonomy":"post_tag","embeddable":true,"href":"https:\/\/www.ecuadoraldia.com.ec\/index.php?rest_route=%2Fwp%2Fv2%2Ftags&post=8256"}],"curies":[{"name":"wp","href":"https:\/\/api.w.org\/{rel}","templated":true}]}}