{"id":8259,"date":"2015-04-06T12:09:36","date_gmt":"2015-04-06T12:09:36","guid":{"rendered":"http:\/\/www.ecuadoraldia.com.ec\/?p=8259"},"modified":"2015-04-06T12:10:20","modified_gmt":"2015-04-06T12:10:20","slug":"sebastian-abreu-amarga-la-fiesta-a-sixto-vizuete","status":"publish","type":"post","link":"https:\/\/www.ecuadoraldia.com.ec\/?p=8259","title":{"rendered":"Sebasti\u00e1n Abreu amarga la fiesta a Sixto Vizuete"},"content":{"rendered":"<p style=\"text-align: justify;\"><a href=\"http:\/\/www.ecuadoraldia.com.ec\/wp-content\/uploads\/2015\/04\/aucas-mushugruna.jpg\"><img loading=\"lazy\" decoding=\"async\" class=\"alignleft size-medium wp-image-8260\" src=\"http:\/\/www.ecuadoraldia.com.ec\/wp-content\/uploads\/2015\/04\/aucas-mushugruna-300x187.jpg\" alt=\"aucas mushugruna\" width=\"300\" height=\"187\" srcset=\"https:\/\/www.ecuadoraldia.com.ec\/wp-content\/uploads\/2015\/04\/aucas-mushugruna-300x187.jpg 300w, https:\/\/www.ecuadoraldia.com.ec\/wp-content\/uploads\/2015\/04\/aucas-mushugruna.jpg 1000w\" sizes=\"(max-width: 300px) 100vw, 300px\" \/><\/a>Sixto Vizuete debut\u00f3 en su primer partido a cargo de Mushuc Runa ante Aucas, en el estadio Gonzalo Pozo Ripalda. Pese a que sus dirigidos se adelantaron en el marcador, Sebasti\u00e1n Abreu les quit\u00f3 la sonrisa, pues logr\u00f3 empatar (2-2). El cotejo fue v\u00e1lido por la d\u00e9cimo primera fecha del Campeonato nacional.<\/p>\n<p style=\"text-align: justify;\">Marwin Pita (21\u2019) y Carmona (48\u2019) fueron los encargados de anotar para el \u2018Ponchito\u2019, mientras que el \u2018Loco\u2019 Abreu puso los del descuento a los 65 y 75 minutos. Con el doblete marcado ayer, el uruguayo suma tres goles en cuatro partidos. El primero lo marc\u00f3 de penal ante Deportivo Quito por la d\u00e9cima jornada.<\/p>\n<p style=\"text-align: justify;\">Con este resultado los dos equipos siguen en lo \u00faltimo de la tabla de posiciones. Los \u2018orientales\u2019 son \u00faltimos con seis unidades y el club ambate\u00f1o es pen\u00faltimo con ocho.<\/p>\n<p style=\"text-align: justify;\">Darwin Veloz, asistente t\u00e9cnico de Aucas, explic\u00f3 que el segundo tiempo fue mejor para ellos con las variantes. Con esto concord\u00f3 Vizuete, quien dijo: \u201cEl profesor (Juan) Silva hizo cambios por los costados y eso fue lo que nos hizo da\u00f1o.<\/p>\n<p>27 TANTOS le han marcado a M. Runa, el equipo m\u00e1s goleado.(La hora)<\/p>\n<p>&nbsp;<\/p>\n","protected":false},"excerpt":{"rendered":"<p>Sixto Vizuete debut\u00f3 en su primer partido a cargo de Mushuc Runa ante Aucas, en el estadio Gonzalo Pozo Ripalda.<\/p>\n","protected":false},"author":1,"featured_media":0,"comment_status":"open","ping_status":"open","sticky":false,"template":"","format":"standard","meta":{"footnotes":""},"categories":[10],"tags":[],"_links":{"self":[{"href":"https:\/\/www.ecuadoraldia.com.ec\/index.php?rest_route=\/wp\/v2\/posts\/8259"}],"collection":[{"href":"https:\/\/www.ecuadoraldia.com.ec\/index.php?rest_route=\/wp\/v2\/posts"}],"about":[{"href":"https:\/\/www.ecuadoraldia.com.ec\/index.php?rest_route=\/wp\/v2\/types\/post"}],"author":[{"embeddable":true,"href":"https:\/\/www.ecuadoraldia.com.ec\/index.php?rest_route=\/wp\/v2\/users\/1"}],"replies":[{"embeddable":true,"href":"https:\/\/www.ecuadoraldia.com.ec\/index.php?rest_route=%2Fwp%2Fv2%2Fcomments&post=8259"}],"version-history":[{"count":2,"href":"https:\/\/www.ecuadoraldia.com.ec\/index.php?rest_route=\/wp\/v2\/posts\/8259\/revisions"}],"predecessor-version":[{"id":8262,"href":"https:\/\/www.ecuadoraldia.com.ec\/index.php?rest_route=\/wp\/v2\/posts\/8259\/revisions\/8262"}],"wp:attachment":[{"href":"https:\/\/www.ecuadoraldia.com.ec\/index.php?rest_route=%2Fwp%2Fv2%2Fmedia&parent=8259"}],"wp:term":[{"taxonomy":"category","embeddable":true,"href":"https:\/\/www.ecuadoraldia.com.ec\/index.php?rest_route=%2Fwp%2Fv2%2Fcategories&post=8259"},{"taxonomy":"post_tag","embeddable":true,"href":"https:\/\/www.ecuadoraldia.com.ec\/index.php?rest_route=%2Fwp%2Fv2%2Ftags&post=8259"}],"curies":[{"name":"wp","href":"https:\/\/api.w.org\/{rel}","templated":true}]}}