{"id":8266,"date":"2015-04-06T12:37:23","date_gmt":"2015-04-06T12:37:23","guid":{"rendered":"http:\/\/www.ecuadoraldia.com.ec\/?p=8266"},"modified":"2015-04-06T12:37:23","modified_gmt":"2015-04-06T12:37:23","slug":"se-anuncia-reapertura-controlada-de-la-aloag-santo-domingo","status":"publish","type":"post","link":"https:\/\/www.ecuadoraldia.com.ec\/?p=8266","title":{"rendered":"Se anuncia reapertura controlada de la Al\u00f3ag-Santo Domingo"},"content":{"rendered":"<p style=\"text-align: justify;\"><a href=\"http:\/\/www.ecuadoraldia.com.ec\/wp-content\/uploads\/2015\/04\/alogastodo.jpg\"><img loading=\"lazy\" decoding=\"async\" class=\"alignleft size-medium wp-image-8267\" src=\"http:\/\/www.ecuadoraldia.com.ec\/wp-content\/uploads\/2015\/04\/alogastodo-300x199.jpg\" alt=\"alogastodo\" width=\"300\" height=\"199\" srcset=\"https:\/\/www.ecuadoraldia.com.ec\/wp-content\/uploads\/2015\/04\/alogastodo-300x199.jpg 300w, https:\/\/www.ecuadoraldia.com.ec\/wp-content\/uploads\/2015\/04\/alogastodo.jpg 640w\" sizes=\"(max-width: 300px) 100vw, 300px\" \/><\/a>El pr\u00f3ximo jueves se reabrir\u00eda la circulaci\u00f3n con horario restringido, de 06:00 a 18:00, por la v\u00eda Al\u00f3ag-Santo Domingo, que se cerr\u00f3 desde hace tres semanas, tras un deslave registrado en el kil\u00f3metro 28 y en el que murieron 11 personas, inform\u00f3 el prefecto de Pichincha, Gustavo Baroja, en una rueda de prensa que realiz\u00f3 ayer en el sitio donde se realizan los trabajos.<\/p>\n<p style=\"text-align: justify;\">Expres\u00f3 que durante los d\u00edas de cierre al tr\u00e1fico en esta arteria que comunica a la Sierra con la Costa se permiti\u00f3 el paso, con salvoconductos, a quienes realizan actividades agr\u00edcolas y ganaderas en propiedades que se ubican cerca de la zona afectada. Esto se lo hizo con el fin de colaborar con sus actividades.<\/p>\n<p style=\"text-align: justify;\">Teniendo como fondo a la gran roca que a\u00fan amenaza a la carretera y con la presencia de Fabian Castillo, superintendente de la empresa Hidalgo-Hidalgo, a cargo de la obra, el Prefecto aclar\u00f3 que la reapertura de la v\u00eda se dar\u00eda siempre y cuando las condiciones clim\u00e1ticas permitan adelantar los trabajos.<\/p>\n<p style=\"text-align: justify;\">\u201cNo abriremos la carretera hasta que no tengamos la seguridad plena\u201d, expres\u00f3 Baroja, al tiempo que cont\u00f3 que se est\u00e1 planificando la construcci\u00f3n de dos t\u00faneles de m\u00e1s de tres y medio kil\u00f3metros de extensi\u00f3n en otros tramos de la carretera. Adem\u00e1s manifest\u00f3 que est\u00e1 planeado habilitar de la mejor manera el tramo Alluriqu\u00edn, Palo Quemado, Sigchos y Latacunga.<\/p>\n<p style=\"text-align: justify;\">Pero al ser la Al\u00f3ag-Santo Domingo la principal que conecta a la Costa con la Sierra, se continuar\u00e1 con el proceso de estabilizaci\u00f3n completa de los taludes, trabajo que ya se lo realizaba con la construcci\u00f3n de cunetas de coronaci\u00f3n en la parte alta, la captura de agua en tuber\u00edas que permiten su desalojo hacia quebradas, limpieza permanente de alcantarillas y cunetas en la v\u00eda.<\/p>\n<p style=\"text-align: justify;\">Baroja asegur\u00f3 que, ahora, con la tecnolog\u00eda avanzada se podr\u00e1 realizar una estabilizaci\u00f3n permanente de los taludes.<\/p>\n<p style=\"text-align: justify;\">En el tramo que est\u00e1 a cargo del Gobierno de la Provincia de Pichincha se han identificado cuatro sitios que pueden ser de riesgo fuerte y otros 10 de menor intensidad, inform\u00f3 Baroja, quien reconoci\u00f3 que el tramo del kil\u00f3metro 28 no era considerado de alto riesgo.<\/p>\n<p style=\"text-align: justify;\">Con este antecedente, anunci\u00f3 que durante esta semana se adjudicar\u00e1 a una empresa especializada en manejo de taludes un contrato para que haga una identificaci\u00f3n de los puntos dif\u00edciles y determine el manejo adecuado de los mismos para su estabilizaci\u00f3n permanente.<\/p>\n<p style=\"text-align: justify;\">Aclar\u00f3 que en esta v\u00eda no se pueden colocar las mallas geosint\u00e9ticas como las que existen en la ruta Collas (Quito), que conduce al Aeropuerto de Tababela, porque la composici\u00f3n del suelo, el clima y la situaci\u00f3n geomorfol\u00f3gica son completamente diferentes y requieren de otro tipo de tecnolog\u00eda.<\/p>\n<p style=\"text-align: justify;\">\nCon la destrucci\u00f3n completa de la gran roca se lograr\u00e1 evacuar alrededor de 50 mil metros c\u00fabicos de material. Hasta ayer se hab\u00eda logrado la evacuaci\u00f3n de alrededor de 30 mil metros c\u00fabicos.<\/p>\n<p style=\"text-align: justify;\">\nEn los d\u00edas de cierre el Gobierno de la Provincia de Pichincha reparti\u00f3 500 canastas solidarias.<br \/>\nLos productores y agricultores de Tandapi organizaron una feria en el cant\u00f3n Mej\u00eda.<br \/>\nY anunciaron para el 8, 9 y 10 de abril una gran feria en la Plaza de la Rep\u00fablica (Quito).<br \/>\nSe vender\u00e1n productos agr\u00edcolas y lecheros. (lahora)<\/p>\n","protected":false},"excerpt":{"rendered":"<p>El pr\u00f3ximo jueves se reabrir\u00eda la circulaci\u00f3n con horario restringido, de 06:00 a 18:00, por la v\u00eda Al\u00f3ag-Santo Domingo, que<\/p>\n","protected":false},"author":1,"featured_media":0,"comment_status":"open","ping_status":"open","sticky":false,"template":"","format":"standard","meta":{"footnotes":""},"categories":[1],"tags":[],"_links":{"self":[{"href":"https:\/\/www.ecuadoraldia.com.ec\/index.php?rest_route=\/wp\/v2\/posts\/8266"}],"collection":[{"href":"https:\/\/www.ecuadoraldia.com.ec\/index.php?rest_route=\/wp\/v2\/posts"}],"about":[{"href":"https:\/\/www.ecuadoraldia.com.ec\/index.php?rest_route=\/wp\/v2\/types\/post"}],"author":[{"embeddable":true,"href":"https:\/\/www.ecuadoraldia.com.ec\/index.php?rest_route=\/wp\/v2\/users\/1"}],"replies":[{"embeddable":true,"href":"https:\/\/www.ecuadoraldia.com.ec\/index.php?rest_route=%2Fwp%2Fv2%2Fcomments&post=8266"}],"version-history":[{"count":1,"href":"https:\/\/www.ecuadoraldia.com.ec\/index.php?rest_route=\/wp\/v2\/posts\/8266\/revisions"}],"predecessor-version":[{"id":8268,"href":"https:\/\/www.ecuadoraldia.com.ec\/index.php?rest_route=\/wp\/v2\/posts\/8266\/revisions\/8268"}],"wp:attachment":[{"href":"https:\/\/www.ecuadoraldia.com.ec\/index.php?rest_route=%2Fwp%2Fv2%2Fmedia&parent=8266"}],"wp:term":[{"taxonomy":"category","embeddable":true,"href":"https:\/\/www.ecuadoraldia.com.ec\/index.php?rest_route=%2Fwp%2Fv2%2Fcategories&post=8266"},{"taxonomy":"post_tag","embeddable":true,"href":"https:\/\/www.ecuadoraldia.com.ec\/index.php?rest_route=%2Fwp%2Fv2%2Ftags&post=8266"}],"curies":[{"name":"wp","href":"https:\/\/api.w.org\/{rel}","templated":true}]}}