{"id":8269,"date":"2015-04-06T12:39:01","date_gmt":"2015-04-06T12:39:01","guid":{"rendered":"http:\/\/www.ecuadoraldia.com.ec\/?p=8269"},"modified":"2015-04-06T12:39:01","modified_gmt":"2015-04-06T12:39:01","slug":"deportivo-quito-gana-a-barcelona-en-el-monumental","status":"publish","type":"post","link":"https:\/\/www.ecuadoraldia.com.ec\/?p=8269","title":{"rendered":"Deportivo Quito gana a Barcelona en el Monumental"},"content":{"rendered":"<p style=\"text-align: justify;\"><a href=\"http:\/\/www.ecuadoraldia.com.ec\/wp-content\/uploads\/2015\/04\/deportivo-quito-gana-a-barcelona-.jpg\"><img loading=\"lazy\" decoding=\"async\" class=\"alignleft size-medium wp-image-8270\" src=\"http:\/\/www.ecuadoraldia.com.ec\/wp-content\/uploads\/2015\/04\/deportivo-quito-gana-a-barcelona--300x212.jpg\" alt=\"deportivo-quito-gana-a-barcelona-\" width=\"300\" height=\"212\" srcset=\"https:\/\/www.ecuadoraldia.com.ec\/wp-content\/uploads\/2015\/04\/deportivo-quito-gana-a-barcelona--300x212.jpg 300w, https:\/\/www.ecuadoraldia.com.ec\/wp-content\/uploads\/2015\/04\/deportivo-quito-gana-a-barcelona-.jpg 1000w\" sizes=\"(max-width: 300px) 100vw, 300px\" \/><\/a>En el cierre de la d\u00e9cima prima fecha del Campeonato nacional Deportivo Quito venci\u00f3 (2-1) a Barcelona en el estadio Monumental. Los goles del cuadro visitante fueron marcados por Claudio River y Ronald Campos. Mientras que para los visitantes descont\u00f3 Jos\u00e9 Luis Perlaza.<\/p>\n<p style=\"text-align: justify;\">Tabar\u00e9 Silva, DT de los \u2018Chullas\u2019, lleg\u00f3 a Guayaquil con la mentalidad de conseguir los tres puntos y lo consigui\u00f3. Juan Rojas fue uno de los jugadores m\u00e1s peligrosos del equipo.<\/p>\n<p style=\"text-align: justify;\">Por su parte, Rub\u00e9n Isarael tambi\u00e9n puso a sus mejores hombres; sin embargo, lucieron desordenados y con poca efectividad. Es as\u00ed que un defensa marc\u00f3 el gol.<\/p>\n<p style=\"text-align: justify;\">Alegr\u00eda de la \u2018AKD\u2019<\/p>\n<p style=\"text-align: justify;\">En el primer tiempo D. Quito logr\u00f3 anotar los dos tantos. Cuando se marcaban 8 minutos Rivero logr\u00f3 mandar el bal\u00f3n a las redes, luego de una jugada elaborada. Tuvieron que pasar 31 minutos para que los hinchas vuelvan a gritar otro gol. Esta vez Campos fue quien puso el segundo. Al final del primer tiempo los visitantes dominaron el encuentro y se fueron tranquilos al camerino.<\/p>\n<p style=\"text-align: justify;\">Los \u2018toreros\u2019 salieron decididos a igualar el partido. Es as\u00ed que a los 54 Perlaza puso el 2-1 de pelota parada. Luego de esa acci\u00f3n buscaron el otro tanto, pero Nelson Ramos se luci\u00f3 en el p\u00f3rtico.<\/p>\n<p style=\"text-align: justify;\">Con este resultado los \u2018chullas\u2019 subieron tres posiciones y son quintos. Mientras que los \u2018canarios\u2019 se quedan en la cuarta casilla con 17 puntos. (JG)<\/p>\n<p style=\"text-align: justify;\">3 TRIUNFOS suma Deportivo Quito en el Campeonato.<\/p>\n<p style=\"text-align: justify;\">1 Encuentro diferido tiene Barcelona, ante Liga de Quito.<\/p>\n<p style=\"text-align: justify;\">Pr\u00f3ximos partidos<br \/>\nJornada 12<\/p>\n<p style=\"text-align: justify;\">M. Runa vs. Aucas<br \/>\nL. de Quito vs. Independiente<br \/>\nU. Cat\u00f3lica vs. El Nacional<br \/>\nD. Quito vs. Barcelona<br \/>\nRiver vs. L. de Loja<br \/>\nD. Cuenca vs. Emelec (la hora)<\/p>\n","protected":false},"excerpt":{"rendered":"<p>En el cierre de la d\u00e9cima prima fecha del Campeonato nacional Deportivo Quito venci\u00f3 (2-1) a Barcelona en el estadio<\/p>\n","protected":false},"author":1,"featured_media":0,"comment_status":"open","ping_status":"open","sticky":false,"template":"","format":"standard","meta":{"footnotes":""},"categories":[10],"tags":[],"_links":{"self":[{"href":"https:\/\/www.ecuadoraldia.com.ec\/index.php?rest_route=\/wp\/v2\/posts\/8269"}],"collection":[{"href":"https:\/\/www.ecuadoraldia.com.ec\/index.php?rest_route=\/wp\/v2\/posts"}],"about":[{"href":"https:\/\/www.ecuadoraldia.com.ec\/index.php?rest_route=\/wp\/v2\/types\/post"}],"author":[{"embeddable":true,"href":"https:\/\/www.ecuadoraldia.com.ec\/index.php?rest_route=\/wp\/v2\/users\/1"}],"replies":[{"embeddable":true,"href":"https:\/\/www.ecuadoraldia.com.ec\/index.php?rest_route=%2Fwp%2Fv2%2Fcomments&post=8269"}],"version-history":[{"count":1,"href":"https:\/\/www.ecuadoraldia.com.ec\/index.php?rest_route=\/wp\/v2\/posts\/8269\/revisions"}],"predecessor-version":[{"id":8271,"href":"https:\/\/www.ecuadoraldia.com.ec\/index.php?rest_route=\/wp\/v2\/posts\/8269\/revisions\/8271"}],"wp:attachment":[{"href":"https:\/\/www.ecuadoraldia.com.ec\/index.php?rest_route=%2Fwp%2Fv2%2Fmedia&parent=8269"}],"wp:term":[{"taxonomy":"category","embeddable":true,"href":"https:\/\/www.ecuadoraldia.com.ec\/index.php?rest_route=%2Fwp%2Fv2%2Fcategories&post=8269"},{"taxonomy":"post_tag","embeddable":true,"href":"https:\/\/www.ecuadoraldia.com.ec\/index.php?rest_route=%2Fwp%2Fv2%2Ftags&post=8269"}],"curies":[{"name":"wp","href":"https:\/\/api.w.org\/{rel}","templated":true}]}}