{"id":8275,"date":"2015-04-07T12:38:16","date_gmt":"2015-04-07T12:38:16","guid":{"rendered":"http:\/\/www.ecuadoraldia.com.ec\/?p=8275"},"modified":"2015-04-07T12:38:16","modified_gmt":"2015-04-07T12:38:16","slug":"en-2008-el-sri-depuro-su-lista-de-deudores","status":"publish","type":"post","link":"https:\/\/www.ecuadoraldia.com.ec\/?p=8275","title":{"rendered":"En 2008 el SRI depur\u00f3 su lista de deudores"},"content":{"rendered":"<p style=\"text-align: justify;\"><a href=\"http:\/\/www.ecuadoraldia.com.ec\/wp-content\/uploads\/2015\/04\/amoroso.jpg\"><img loading=\"lazy\" decoding=\"async\" class=\"alignleft size-medium wp-image-8276\" src=\"http:\/\/www.ecuadoraldia.com.ec\/wp-content\/uploads\/2015\/04\/amoroso-300x201.jpg\" alt=\"amoroso\" width=\"300\" height=\"201\" srcset=\"https:\/\/www.ecuadoraldia.com.ec\/wp-content\/uploads\/2015\/04\/amoroso-300x201.jpg 300w, https:\/\/www.ecuadoraldia.com.ec\/wp-content\/uploads\/2015\/04\/amoroso.jpg 322w\" sizes=\"(max-width: 300px) 100vw, 300px\" \/><\/a>La Comisi\u00f3n de R\u00e9gimen Econ\u00f3mico y Tributario empez\u00f3 el an\u00e1lisis del proyecto de ley econ\u00f3mico urgente, \u2018Ley Org\u00e1nica de Remisi\u00f3n de Intereses, Multas y Recargos Tributarios sobre Impuestos Nacionales\u2019, que beneficiar\u00e1 a 1\u2019900.000 personas naturales o jur\u00eddicas.<\/p>\n<p style=\"text-align: justify;\">El proyecto de ley fue remitido por el Ejecutivo, la semana pasada, con el objetivo de que el dinero de condonaci\u00f3n sea reutilizado para fomentar la producci\u00f3n nacional.<\/p>\n<p style=\"text-align: justify;\">Ximena Amoroso, directora del Servicio de Rentas Internas (SRI), fue la encargada de exponer los motivos del proyecto ante la comisi\u00f3n. \u201cLa remisi\u00f3n de los pagos es para los intereses, multas y recargos, por ello el contribuyente no est\u00e1 exento del pago del impuesto en s\u00ed\u201d, dijo.<\/p>\n<p style=\"text-align: justify;\">El proyecto de ley estableci\u00f3 que los plazos para esta amnist\u00eda tributaria sean de 60 y 90 d\u00edas. Si la persona cancela antes de los 60 d\u00edas se le condonar\u00e1 el 100% del valor total de estos conceptos, si paga hasta los 90 d\u00edas tendr\u00e1 una rebaja del 50%.<\/p>\n<p style=\"text-align: justify;\">Amoroso detall\u00f3 que 1\u2019900.000 personas tienen obligaciones pendientes y podr\u00edan acogerse a este beneficio. Explic\u00f3 que la recaudaci\u00f3n presupuestada este a\u00f1o es de $ 1.400 millones, pero con esta ley podr\u00eda incrementarse en $ 500 millones extras que ser\u00edan destinados al gasto p\u00fablico.<\/p>\n<p style=\"text-align: justify;\">En caso de aprobarse esta ser\u00eda la cuarta remisi\u00f3n o indulto que efect\u00faa el Estado a los contribuyentes, las anteriores se realizaron en 1971, 1997 y 2008. Incluso en 2008 le permiti\u00f3 depurar la lista de cartera al SRI y por ello ahora los usuarios tienen deudas que no superan los 7 a\u00f1os.<\/p>\n<p style=\"text-align: justify;\">De su parte, el sector empresarial se mostr\u00f3 complacido por este proyecto, aunque hizo 4 pedidos a la comisi\u00f3n para que sean integrados al proyecto de ley.<\/p>\n<p style=\"text-align: justify;\">Xavier Sisa, director jur\u00eddico de la C\u00e1mara de Industrias y Producci\u00f3n, fue el encargado de exponer las inquietudes del sector empresarial.<\/p>\n<p style=\"text-align: justify;\">El primer pedido fue que se ampl\u00ede el plazo para el pago de los valores, bajo el argumento de que en ese tiempo no se pueden cumplir con todos los requerimientos que debe cumplir el contribuyente para cancelar la deuda y desestimar el litigio.<\/p>\n<p style=\"text-align: justify;\">El segundo pedido fue sobre el desestimiento para que se cambie la modalidad de la operaci\u00f3n de la remisi\u00f3n y que las impugnaciones judiciales sean m\u00e1s r\u00e1pidas. La tercera solicitud fue para que en este proyecto de ley tambi\u00e9n se consideren las deudas que tienen con la Aduana y las obligaciones que se tengan ya con sentencia generada.<\/p>\n<p style=\"text-align: justify;\">El \u00faltimo pedido fue para que se considere la deducibilidad del gasto, en cuanto sean compatibles con la Ley de R\u00e9gimen Tributario.<\/p>\n<p style=\"text-align: justify;\">Oswaldo Larriva, presidente de la Comisi\u00f3n de R\u00e9gimen Econ\u00f3mico y Tributario, explic\u00f3 que en esta semana se socializar\u00e1 el proyecto de ley y el borrador para el primer debate estar\u00eda listo el jueves de esta semana.<\/p>\n<p style=\"text-align: justify;\">Hasta el 21 de abril estar\u00eda listo el borrador para el segundo debate, ya que al ser un proyecto econ\u00f3mico urgente lo debe aprobar m\u00e1ximo en 30 d\u00edas el pleno de la Asamblea Nacional. (El tel\u00e9grafo)<\/p>\n","protected":false},"excerpt":{"rendered":"<p>La Comisi\u00f3n de R\u00e9gimen Econ\u00f3mico y Tributario empez\u00f3 el an\u00e1lisis del proyecto de ley econ\u00f3mico urgente, \u2018Ley Org\u00e1nica de Remisi\u00f3n<\/p>\n","protected":false},"author":1,"featured_media":0,"comment_status":"open","ping_status":"open","sticky":false,"template":"","format":"standard","meta":{"footnotes":""},"categories":[9],"tags":[],"_links":{"self":[{"href":"https:\/\/www.ecuadoraldia.com.ec\/index.php?rest_route=\/wp\/v2\/posts\/8275"}],"collection":[{"href":"https:\/\/www.ecuadoraldia.com.ec\/index.php?rest_route=\/wp\/v2\/posts"}],"about":[{"href":"https:\/\/www.ecuadoraldia.com.ec\/index.php?rest_route=\/wp\/v2\/types\/post"}],"author":[{"embeddable":true,"href":"https:\/\/www.ecuadoraldia.com.ec\/index.php?rest_route=\/wp\/v2\/users\/1"}],"replies":[{"embeddable":true,"href":"https:\/\/www.ecuadoraldia.com.ec\/index.php?rest_route=%2Fwp%2Fv2%2Fcomments&post=8275"}],"version-history":[{"count":1,"href":"https:\/\/www.ecuadoraldia.com.ec\/index.php?rest_route=\/wp\/v2\/posts\/8275\/revisions"}],"predecessor-version":[{"id":8277,"href":"https:\/\/www.ecuadoraldia.com.ec\/index.php?rest_route=\/wp\/v2\/posts\/8275\/revisions\/8277"}],"wp:attachment":[{"href":"https:\/\/www.ecuadoraldia.com.ec\/index.php?rest_route=%2Fwp%2Fv2%2Fmedia&parent=8275"}],"wp:term":[{"taxonomy":"category","embeddable":true,"href":"https:\/\/www.ecuadoraldia.com.ec\/index.php?rest_route=%2Fwp%2Fv2%2Fcategories&post=8275"},{"taxonomy":"post_tag","embeddable":true,"href":"https:\/\/www.ecuadoraldia.com.ec\/index.php?rest_route=%2Fwp%2Fv2%2Ftags&post=8275"}],"curies":[{"name":"wp","href":"https:\/\/api.w.org\/{rel}","templated":true}]}}