{"id":8281,"date":"2015-04-07T21:32:19","date_gmt":"2015-04-07T21:32:19","guid":{"rendered":"http:\/\/www.ecuadoraldia.com.ec\/?p=8281"},"modified":"2015-04-07T21:37:19","modified_gmt":"2015-04-07T21:37:19","slug":"construccion-del-coca-codo-mantendra-el-mismo-precio-y-no-habra-ajustes","status":"publish","type":"post","link":"https:\/\/www.ecuadoraldia.com.ec\/?p=8281","title":{"rendered":"Construcci\u00f3n del Coca Codo mantendr\u00e1 el mismo precio y no habr\u00e1 ajustes"},"content":{"rendered":"<p style=\"text-align: justify;\"><a href=\"http:\/\/www.ecuadoraldia.com.ec\/wp-content\/uploads\/2015\/04\/cocacodo.jpg\"><img loading=\"lazy\" decoding=\"async\" class=\"alignleft size-medium wp-image-8282\" src=\"http:\/\/www.ecuadoraldia.com.ec\/wp-content\/uploads\/2015\/04\/cocacodo-300x224.jpg\" alt=\"cocacodo\" width=\"300\" height=\"224\" srcset=\"https:\/\/www.ecuadoraldia.com.ec\/wp-content\/uploads\/2015\/04\/cocacodo-300x224.jpg 300w, https:\/\/www.ecuadoraldia.com.ec\/wp-content\/uploads\/2015\/04\/cocacodo.jpg 450w\" sizes=\"(max-width: 300px) 100vw, 300px\" \/><\/a>No habr\u00e1 ajuste de precios de la construcci\u00f3n del proyecto Coca Codo Sinclair y se mantendr\u00e1 en el valor que fue establecido desde el inicio, el cual ascend\u00eda a los $ 2 mil millones. As\u00ed lo anunci\u00f3 esta ma\u00f1ana el vicepresidente de la Rep\u00fablica, Jorge Glas, durante su visita a las instalaciones de la hidroel\u00e9ctrica.<\/p>\n<p style=\"text-align: justify;\">Luego de efectuar un recorrido junto a las autoridades del ramo y de los jefes de la construcci\u00f3n, Glas desminti\u00f3 la informaci\u00f3n divulgada por un medio de prensa escrito el cual public\u00f3 que habr\u00eda un reajuste de $ 600 millones para esta obra.<\/p>\n<p style=\"text-align: justify;\">\u00abEs una informaci\u00f3n maliciosa y tergiversada, algo que no es verdad\u00bb, reiter\u00f3 el Segundo Mandatario, quien adelant\u00f3 que el pr\u00f3ximo s\u00e1bado aclarar\u00e1 varios puntos sobre ese tema, para evitar malas interpretaciones.<\/p>\n<p style=\"text-align: justify;\">Rafael Poveda, ministro Coordinador de Sectores Estrat\u00e9gicos, a\u00f1adi\u00f3 que los precios no han variado desde que se firm\u00f3 el contrato con la empresa Sinohydro.<\/p>\n<p style=\"text-align: justify;\">El recorrido de Glas se realiz\u00f3 luego de que hoy concluy\u00f3 la perforaci\u00f3n del t\u00fanel de conducci\u00f3n de 25 kil\u00f3metros en Coca Codo Sinclair, proceso que marca la finalizaci\u00f3n de la etapa de conducci\u00f3n de este gran proyecto hidroel\u00e9ctrico en el pa\u00eds.<\/p>\n<p style=\"text-align: justify;\">Hasta el momento la obra tiene un avance general del 84,51%. Ahora empezar\u00e1n los trabajos de montaje electromec\u00e1nico e inici\u00f3 el descenso del segundo rotor generador de la casa de m\u00e1quinas. En total se perforaron 2,8 kil\u00f3metros de monta\u00f1a en las 2 fases de excavaci\u00f3n.<\/p>\n<p style=\"text-align: justify;\">La central hidroel\u00e9ctrica se constituye como obra energ\u00e9tica m\u00e1s importante del Ecuador, con una potencia de 1.500 megavatios, es decir, un 50% m\u00e1s de la potencia que genera actualmente la hidroel\u00e9ctrica Paute.<\/p>\n<p style=\"text-align: justify;\">Coca Codo Sinclair, ubicada entre las provincias de Napo (El Chaco) y Sucumb\u00edos (Gonzalo Pizarro) consta de 5 etapas: captaci\u00f3n, embalse compensador, tuber\u00edas de presi\u00f3n, casa de m\u00e1quinas y conducci\u00f3n, que desde ma\u00f1ana estar\u00e1 culminada al 100%. (El tel\u00e9grafo)<\/p>\n","protected":false},"excerpt":{"rendered":"<p>No habr\u00e1 ajuste de precios de la construcci\u00f3n del proyecto Coca Codo Sinclair y se mantendr\u00e1 en el valor que<\/p>\n","protected":false},"author":1,"featured_media":0,"comment_status":"open","ping_status":"open","sticky":false,"template":"","format":"standard","meta":{"footnotes":""},"categories":[1],"tags":[],"_links":{"self":[{"href":"https:\/\/www.ecuadoraldia.com.ec\/index.php?rest_route=\/wp\/v2\/posts\/8281"}],"collection":[{"href":"https:\/\/www.ecuadoraldia.com.ec\/index.php?rest_route=\/wp\/v2\/posts"}],"about":[{"href":"https:\/\/www.ecuadoraldia.com.ec\/index.php?rest_route=\/wp\/v2\/types\/post"}],"author":[{"embeddable":true,"href":"https:\/\/www.ecuadoraldia.com.ec\/index.php?rest_route=\/wp\/v2\/users\/1"}],"replies":[{"embeddable":true,"href":"https:\/\/www.ecuadoraldia.com.ec\/index.php?rest_route=%2Fwp%2Fv2%2Fcomments&post=8281"}],"version-history":[{"count":1,"href":"https:\/\/www.ecuadoraldia.com.ec\/index.php?rest_route=\/wp\/v2\/posts\/8281\/revisions"}],"predecessor-version":[{"id":8283,"href":"https:\/\/www.ecuadoraldia.com.ec\/index.php?rest_route=\/wp\/v2\/posts\/8281\/revisions\/8283"}],"wp:attachment":[{"href":"https:\/\/www.ecuadoraldia.com.ec\/index.php?rest_route=%2Fwp%2Fv2%2Fmedia&parent=8281"}],"wp:term":[{"taxonomy":"category","embeddable":true,"href":"https:\/\/www.ecuadoraldia.com.ec\/index.php?rest_route=%2Fwp%2Fv2%2Fcategories&post=8281"},{"taxonomy":"post_tag","embeddable":true,"href":"https:\/\/www.ecuadoraldia.com.ec\/index.php?rest_route=%2Fwp%2Fv2%2Ftags&post=8281"}],"curies":[{"name":"wp","href":"https:\/\/api.w.org\/{rel}","templated":true}]}}