{"id":8284,"date":"2015-04-07T21:36:53","date_gmt":"2015-04-07T21:36:53","guid":{"rendered":"http:\/\/www.ecuadoraldia.com.ec\/?p=8284"},"modified":"2015-04-07T21:36:53","modified_gmt":"2015-04-07T21:36:53","slug":"ejecutivo-enviara-a-la-asamblea-una-ley-de-cobertura-petrolera","status":"publish","type":"post","link":"https:\/\/www.ecuadoraldia.com.ec\/?p=8284","title":{"rendered":"Ejecutivo enviar\u00e1 a la Asamblea una ley de cobertura petrolera"},"content":{"rendered":"<p style=\"text-align: justify;\"><a href=\"http:\/\/www.ecuadoraldia.com.ec\/wp-content\/uploads\/2015\/04\/rcd.jpg\"><img loading=\"lazy\" decoding=\"async\" class=\"alignleft size-medium wp-image-8285\" src=\"http:\/\/www.ecuadoraldia.com.ec\/wp-content\/uploads\/2015\/04\/rcd-300x178.jpg\" alt=\"rcd\" width=\"300\" height=\"178\" srcset=\"https:\/\/www.ecuadoraldia.com.ec\/wp-content\/uploads\/2015\/04\/rcd-300x178.jpg 300w, https:\/\/www.ecuadoraldia.com.ec\/wp-content\/uploads\/2015\/04\/rcd.jpg 621w\" sizes=\"(max-width: 300px) 100vw, 300px\" \/><\/a>El presidente de la Rep\u00fablica, Rafael Correa, reiter\u00f3 este martes que en 2014 la econom\u00eda de Ecuador creci\u00f3 4 veces m\u00e1s que el promedio de Latinoam\u00e9rica, lo que es resultado de un manejo adecuado de la econom\u00eda y planificaci\u00f3n.<\/p>\n<p style=\"text-align: justify;\">\u00abDa verg\u00fcenza ajena ciertas cr\u00edticas (&#8230;) Ahora se nos dice que en este a\u00f1o dif\u00edcil no ha habido ahorro (&#8230;) Sin ahorro no habr\u00eda acumulaci\u00f3n, y es claro que la patria ha acumulado much\u00edsimo en estos ocho a\u00f1os de Revoluci\u00f3n Ciudadana\u00bb, sostuvo el mandatario durante la ceremonia de entrega a nuevos veh\u00edculos a las Fuerzas Armadas.<\/p>\n<p style=\"text-align: justify;\">Lea adem\u00e1s: Ecuador crecer\u00e1 un 3,5% en 2015, seg\u00fan Cepal<\/p>\n<p style=\"text-align: justify;\">Correa rechaz\u00f3 que se diga que no ha habido liquidez y record\u00f3 que la ca\u00edda del precio del petr\u00f3leo lleva 7 meses, mientras que la depreciaci\u00f3n del d\u00f3lar un a\u00f1o. \u00abSi no hubiese existido liquidez, ya el pa\u00eds hubiese colapsado. La verdad es que hemos tenido gran liquidez en la econom\u00eda, se ha manejado muy bien la econom\u00eda, pero estamos ante un a\u00f1o extremadamente duro\u00bb, a\u00f1adi\u00f3 al recalcar que toda Am\u00e9rica Latina est\u00e1 enfrentando ese contexto.<\/p>\n<p style=\"text-align: justify;\">A\u00f1adi\u00f3 que se anticip\u00f3 que en 2015 iba a ser un a\u00f1o dif\u00edcil por las inversiones hist\u00f3ricas que se deb\u00edan realizar, como las hidroel\u00e9ctricas y los proyectos multiprop\u00f3sitos. \u00abNo solo tenemos que hacer lo que nos corresponde, sino lo que dejaron de hacer los gobiernos que nos precedieron. Eso implica cerca de 3 mil millones de inversi\u00f3n, solo en los proyectos estrat\u00e9gicos\u00bb, apunt\u00f3.<\/p>\n<p style=\"text-align: justify;\">El jefe de Estado dijo que se ha repotenciado totalmente la Refiner\u00eda de Esmeraldas, por lo que actualmente est\u00e1 funcionando al 50%, lo que aumenta la importaci\u00f3n de derivados, el gasto p\u00fablico y la salida de divisas. \u00abEl a\u00f1o pasado implic\u00f3 que descienda la producci\u00f3n del petr\u00f3leo refinado en 50%. Si no hubiera parado la Refiner\u00eda nuestra tasa de crecimiento (de la econom\u00eda) ser\u00eda 4,3%, y llegamos al 3,8%\u00bb, acot\u00f3.<\/p>\n<p style=\"text-align: justify;\">Sin embargo, Correa indic\u00f3 que aquello ya se ten\u00eda planificado,\u00bb lo que no se esperaba era la apreciaci\u00f3n del d\u00f3lar, que significa que se encarece nuestro pa\u00eds con respecto al resto del mundo, nuestras exportaciones y se abaratan las importaciones\u00bb.<\/p>\n<p style=\"text-align: justify;\">Una de las repercusiones que se presenta actualmente, es la disminuci\u00f3n del turismo colombiano en Ecuador, que representa mayor grupo extranjero en venir al pa\u00eds, \u00abpero Ecuador se ha encarecido 30% con respecto a Colombia por devaluaci\u00f3n de peso\u00bb, apunt\u00f3.<\/p>\n<p style=\"text-align: justify;\">Seguro petrolero y ley<\/p>\n<p style=\"text-align: justify;\">Correa manifest\u00f3 que una de las lecciones en estos momentos duros es \u00abestabilizar los ingresos petroleros\u00bb y se refiri\u00f3 a los seguros para este sector. \u00abLo pensamos muchas veces, sobre todo desde 2009 donde tuvimos una coyuntura similar, derrumbe de precios de petr\u00f3leo, es lo que se llama seguros petroleros como el que tiene M\u00e9xico, que le ha permitido mantener el precio del barril en $ 60 y $ 65, pese a que el precio del mercado est\u00e1 mucho m\u00e1s bajo, pero lo cubre el seguro la diferencia\u00bb.<\/p>\n<p style=\"text-align: justify;\">El Presidente explic\u00f3 que aunque el tema fue analizado, se trataba de un seguro que costaba centenas de millones de d\u00f3lares. \u00abSi adquir\u00edamos ese seguro y ca\u00eda el precio del petr\u00f3leo \u00edbamos a ser los genios candidatos al Premio Nobel de Econom\u00eda\u00bb, pero si pasaba lo contrario \u00ab\u00edbamos a ser los ladrones\u00bb.<\/p>\n<p style=\"text-align: justify;\">Record\u00f3 que hace unas d\u00e9cadas un Gobierno aquiri\u00f3 estos seguros, que felizmente no se utilizaron.<\/p>\n<p style=\"text-align: justify;\">Correa indic\u00f3 que por ello, \u00abpara proteger a los funcionarios que toman las decisiones correctas\u00bb, en los pr\u00f3ximos d\u00edas enviar\u00e1 a la Asamblea Nacional una ley de cobertura petrolera. \u00abT\u00e9cnicamente no es necesaria, es redundante, pero sirve para que esos funcionarios que toman decisiones t\u00e9cnicas como el seguro petrolero est\u00e9n m\u00e1s protegidos ante tanta ignorancia, tanta mala fe\u00bb, puntualiz\u00f3.<\/p>\n<p style=\"text-align: justify;\">\u00abY esto nos dar\u00e1 un mayor margen, mayor claridad para poder contratar esos seguros petroleros y de esta manera poder estabilizar los ingresos petroleros en el tiempo, es decir poder planificar de mejor manera\u00bb, agreg\u00f3.<\/p>\n<p style=\"text-align: justify;\">\u00abSe tiene un gasto permanente, claro, estamos hablando de centenas de millones de d\u00f3lares, pero se internaliza ese costo del seguro, pero sabemos que contamos con un m\u00ednimo ingreso petrolero, eso es fundamental para un pa\u00eds como Ecuador: poder estabilizar, disminuir la volatibilidad de sus ingresos en general y en particular del ingreso petrolero\u00bb, subray\u00f3.(El tel\u00e9grafo)<\/p>\n","protected":false},"excerpt":{"rendered":"<p>El presidente de la Rep\u00fablica, Rafael Correa, reiter\u00f3 este martes que en 2014 la econom\u00eda de Ecuador creci\u00f3 4 veces<\/p>\n","protected":false},"author":1,"featured_media":0,"comment_status":"open","ping_status":"open","sticky":false,"template":"","format":"standard","meta":{"footnotes":""},"categories":[1],"tags":[],"_links":{"self":[{"href":"https:\/\/www.ecuadoraldia.com.ec\/index.php?rest_route=\/wp\/v2\/posts\/8284"}],"collection":[{"href":"https:\/\/www.ecuadoraldia.com.ec\/index.php?rest_route=\/wp\/v2\/posts"}],"about":[{"href":"https:\/\/www.ecuadoraldia.com.ec\/index.php?rest_route=\/wp\/v2\/types\/post"}],"author":[{"embeddable":true,"href":"https:\/\/www.ecuadoraldia.com.ec\/index.php?rest_route=\/wp\/v2\/users\/1"}],"replies":[{"embeddable":true,"href":"https:\/\/www.ecuadoraldia.com.ec\/index.php?rest_route=%2Fwp%2Fv2%2Fcomments&post=8284"}],"version-history":[{"count":1,"href":"https:\/\/www.ecuadoraldia.com.ec\/index.php?rest_route=\/wp\/v2\/posts\/8284\/revisions"}],"predecessor-version":[{"id":8286,"href":"https:\/\/www.ecuadoraldia.com.ec\/index.php?rest_route=\/wp\/v2\/posts\/8284\/revisions\/8286"}],"wp:attachment":[{"href":"https:\/\/www.ecuadoraldia.com.ec\/index.php?rest_route=%2Fwp%2Fv2%2Fmedia&parent=8284"}],"wp:term":[{"taxonomy":"category","embeddable":true,"href":"https:\/\/www.ecuadoraldia.com.ec\/index.php?rest_route=%2Fwp%2Fv2%2Fcategories&post=8284"},{"taxonomy":"post_tag","embeddable":true,"href":"https:\/\/www.ecuadoraldia.com.ec\/index.php?rest_route=%2Fwp%2Fv2%2Ftags&post=8284"}],"curies":[{"name":"wp","href":"https:\/\/api.w.org\/{rel}","templated":true}]}}