{"id":8293,"date":"2015-04-07T22:05:41","date_gmt":"2015-04-07T22:05:41","guid":{"rendered":"http:\/\/www.ecuadoraldia.com.ec\/?p=8293"},"modified":"2015-04-07T22:05:41","modified_gmt":"2015-04-07T22:05:41","slug":"alcaldia-de-quito-dice-que-alza-de-tarifas-se-baso-en-estudio-de-la-puce","status":"publish","type":"post","link":"https:\/\/www.ecuadoraldia.com.ec\/?p=8293","title":{"rendered":"Alcald\u00eda de Quito dice que alza de tarifas se bas\u00f3 en estudio de la PUCE"},"content":{"rendered":"<p style=\"text-align: justify;\"><a href=\"http:\/\/www.ecuadoraldia.com.ec\/wp-content\/uploads\/2015\/04\/taxi1.jpg\"><img loading=\"lazy\" decoding=\"async\" class=\"alignleft size-medium wp-image-8294\" src=\"http:\/\/www.ecuadoraldia.com.ec\/wp-content\/uploads\/2015\/04\/taxi1-300x206.jpg\" alt=\"taxi1\" width=\"300\" height=\"206\" srcset=\"https:\/\/www.ecuadoraldia.com.ec\/wp-content\/uploads\/2015\/04\/taxi1-300x206.jpg 300w, https:\/\/www.ecuadoraldia.com.ec\/wp-content\/uploads\/2015\/04\/taxi1.jpg 373w\" sizes=\"(max-width: 300px) 100vw, 300px\" \/><\/a>En una breve rueda de prensa, el secretrario metropolitano de Movilidad, Dar\u00edo Tapia, asegur\u00f3 esta ma\u00f1ana que el incremento de las tarifas de taxis en Quito se bas\u00f3 \u00edntegramente en los estudios realizados sobre la materia por parte de la Universidad Cat\u00f3lica (PUCE).<\/p>\n<p style=\"text-align: justify;\">Seg\u00fan Tapia, la PUCE, incluy\u00f3 en su an\u00e1lisis temas como: el no haberse revisado las tarifas en los \u00faltimos 12 a\u00f1os, el incremento del salario m\u00ednimo en el pa\u00eds, el costo de la vida, las salvaguardias, etc.<\/p>\n<p style=\"text-align: justify;\">Lea tambi\u00e9n: \u00abLos quite\u00f1os y residentes de la capital no admitimos mentiras\u00bb<\/p>\n<p style=\"text-align: justify;\">Al final, no se permitieron preguntas de los periodistas por lo que el funcionario no pudo contestar las razones para que las tarifas aprobadas el jueves anterior no coinciden con las propuestas de la universidad tanto en su primera como en su segunda versi\u00f3n.<\/p>\n<p style=\"text-align: justify;\">Lea adem\u00e1s: Sin salvaguardia, las tarifas de taxis en Quito no bajan<\/p>\n<p style=\"text-align: justify;\">Alza de tarifas de taxis se aplicar\u00eda en 15 d\u00edas<\/p>\n<p style=\"text-align: justify;\">Carlos Brunis, presidente de la Federaci\u00f3n de Cooperativas de Taxis de Pichincha, dijo que el proceso de recalibraci\u00f3n de tax\u00edmetros arrancar\u00eda ma\u00f1ana mi\u00e9rcoles en Quito y que el gremio calcula que el proceso tomar\u00eda alrededor de 15 d\u00edas.<\/p>\n<p style=\"text-align: justify;\">Seg\u00fan el dirigente, solo una vez que haya concluido el procedimiento en su totalidad se empezar\u00edan a aplicar las nuevas tarifas aprobadas la semana pasada por 12 de los concejales capitalinos y el alcalde Mauricio Rodas: $ 1,45 la carrera m\u00ednima diurna y $ 1,75, la nocturna; $ 0,50 el arranque; $ 0,10 el minuto de espera y $ 0,40 el kil\u00f3metro recorrido.<\/p>\n<p style=\"text-align: justify;\">Brunis aprovech\u00f3 la rueda de prensa que dio esta ma\u00f1ana para negar que la revisi\u00f3n tarifaria haya sido uno de los puntos contenidos en el acuerdo preelectoral que firm\u00f3 el sector con el entonces candidato Rodas.<\/p>\n<p style=\"text-align: justify;\">Por otra parte, el directivo agradeci\u00f3 el gesto del presidente de la Rep\u00fablica, Rafael Correa, de eliminar la sobretasa arancelaria para la importaci\u00f3n de neum\u00e1ticos para veh\u00edculos livianos, aunque se\u00f1al\u00f3 que el tema de las salvaguardias no fue el fundamental para pedir la revisi\u00f3n de costos del servicio.<\/p>\n<p style=\"text-align: justify;\">Por otro lado, aconsej\u00f3 al Primer Mandatario quitar la medida para otros rubros que -dijo- \u00abafectan al bolsillo del pueblo ecuatoriano\u00bb, aunque no especific\u00f3 a cu\u00e1les se refer\u00eda.(Telegrafo)<\/p>\n","protected":false},"excerpt":{"rendered":"<p>En una breve rueda de prensa, el secretrario metropolitano de Movilidad, Dar\u00edo Tapia, asegur\u00f3 esta ma\u00f1ana que el incremento de<\/p>\n","protected":false},"author":1,"featured_media":0,"comment_status":"open","ping_status":"open","sticky":false,"template":"","format":"standard","meta":{"footnotes":""},"categories":[14],"tags":[],"_links":{"self":[{"href":"https:\/\/www.ecuadoraldia.com.ec\/index.php?rest_route=\/wp\/v2\/posts\/8293"}],"collection":[{"href":"https:\/\/www.ecuadoraldia.com.ec\/index.php?rest_route=\/wp\/v2\/posts"}],"about":[{"href":"https:\/\/www.ecuadoraldia.com.ec\/index.php?rest_route=\/wp\/v2\/types\/post"}],"author":[{"embeddable":true,"href":"https:\/\/www.ecuadoraldia.com.ec\/index.php?rest_route=\/wp\/v2\/users\/1"}],"replies":[{"embeddable":true,"href":"https:\/\/www.ecuadoraldia.com.ec\/index.php?rest_route=%2Fwp%2Fv2%2Fcomments&post=8293"}],"version-history":[{"count":1,"href":"https:\/\/www.ecuadoraldia.com.ec\/index.php?rest_route=\/wp\/v2\/posts\/8293\/revisions"}],"predecessor-version":[{"id":8295,"href":"https:\/\/www.ecuadoraldia.com.ec\/index.php?rest_route=\/wp\/v2\/posts\/8293\/revisions\/8295"}],"wp:attachment":[{"href":"https:\/\/www.ecuadoraldia.com.ec\/index.php?rest_route=%2Fwp%2Fv2%2Fmedia&parent=8293"}],"wp:term":[{"taxonomy":"category","embeddable":true,"href":"https:\/\/www.ecuadoraldia.com.ec\/index.php?rest_route=%2Fwp%2Fv2%2Fcategories&post=8293"},{"taxonomy":"post_tag","embeddable":true,"href":"https:\/\/www.ecuadoraldia.com.ec\/index.php?rest_route=%2Fwp%2Fv2%2Ftags&post=8293"}],"curies":[{"name":"wp","href":"https:\/\/api.w.org\/{rel}","templated":true}]}}