{"id":8296,"date":"2015-04-07T22:15:16","date_gmt":"2015-04-07T22:15:16","guid":{"rendered":"http:\/\/www.ecuadoraldia.com.ec\/?p=8296"},"modified":"2015-04-07T22:15:16","modified_gmt":"2015-04-07T22:15:16","slug":"inflacion-de-marzo-se-ubico-en-041","status":"publish","type":"post","link":"https:\/\/www.ecuadoraldia.com.ec\/?p=8296","title":{"rendered":"Inflaci\u00f3n de marzo se ubic\u00f3 en 0,41%"},"content":{"rendered":"<p><a href=\"http:\/\/www.ecuadoraldia.com.ec\/wp-content\/uploads\/2015\/04\/inflacion.jpg\"><img loading=\"lazy\" decoding=\"async\" class=\"alignleft size-medium wp-image-8297\" src=\"http:\/\/www.ecuadoraldia.com.ec\/wp-content\/uploads\/2015\/04\/inflacion-300x168.jpg\" alt=\"inflacion\" width=\"300\" height=\"168\" srcset=\"https:\/\/www.ecuadoraldia.com.ec\/wp-content\/uploads\/2015\/04\/inflacion-300x168.jpg 300w, https:\/\/www.ecuadoraldia.com.ec\/wp-content\/uploads\/2015\/04\/inflacion.jpg 387w\" sizes=\"(max-width: 300px) 100vw, 300px\" \/><\/a>Seg\u00fan el \u00faltimo reporte del \u00cdndice de Precios al Consumidor (IPC), publicado hoy por el Instituto Nacional de Estad\u00edstica y Censos (INEC), Ecuador registr\u00f3 una inflaci\u00f3n de 0,41% en marzo de este a\u00f1o.<\/p>\n<p>En febrero pasado, la inflaci\u00f3n fue del 0,61%. En marzo de 2014 se ubic\u00f3 en 0,70%.<\/p>\n<p>En el tercer mes del a\u00f1o, el pa\u00eds registr\u00f3 una inflaci\u00f3n anual de 3,76% y una acumulada de 1,63% en comparaci\u00f3n al 3,11% y 1,53% que alcanz\u00f3 en marzo de 2014, respectivamente.<\/p>\n<p>La divisi\u00f3n de alimentos y bebidas no alcoh\u00f3licas es la que m\u00e1s contribuy\u00f3 en la variaci\u00f3n del IPC con el 24,61% del total, seguida por restaurantes y hoteles con el 21,61%.<\/p>\n<p>El reporte indica a Machala como la ciudad con la inflaci\u00f3n mensual m\u00e1s alta con el 0,74%, seguida de Santo Domingo con el 0,68%. Mientras, Ambato y Quito son las que menos inflaci\u00f3n tienen con el 0,12% cada una.<\/p>\n","protected":false},"excerpt":{"rendered":"<p>Seg\u00fan el \u00faltimo reporte del \u00cdndice de Precios al Consumidor (IPC), publicado hoy por el Instituto Nacional de Estad\u00edstica y<\/p>\n","protected":false},"author":1,"featured_media":0,"comment_status":"open","ping_status":"open","sticky":false,"template":"","format":"standard","meta":{"footnotes":""},"categories":[9],"tags":[],"_links":{"self":[{"href":"https:\/\/www.ecuadoraldia.com.ec\/index.php?rest_route=\/wp\/v2\/posts\/8296"}],"collection":[{"href":"https:\/\/www.ecuadoraldia.com.ec\/index.php?rest_route=\/wp\/v2\/posts"}],"about":[{"href":"https:\/\/www.ecuadoraldia.com.ec\/index.php?rest_route=\/wp\/v2\/types\/post"}],"author":[{"embeddable":true,"href":"https:\/\/www.ecuadoraldia.com.ec\/index.php?rest_route=\/wp\/v2\/users\/1"}],"replies":[{"embeddable":true,"href":"https:\/\/www.ecuadoraldia.com.ec\/index.php?rest_route=%2Fwp%2Fv2%2Fcomments&post=8296"}],"version-history":[{"count":1,"href":"https:\/\/www.ecuadoraldia.com.ec\/index.php?rest_route=\/wp\/v2\/posts\/8296\/revisions"}],"predecessor-version":[{"id":8298,"href":"https:\/\/www.ecuadoraldia.com.ec\/index.php?rest_route=\/wp\/v2\/posts\/8296\/revisions\/8298"}],"wp:attachment":[{"href":"https:\/\/www.ecuadoraldia.com.ec\/index.php?rest_route=%2Fwp%2Fv2%2Fmedia&parent=8296"}],"wp:term":[{"taxonomy":"category","embeddable":true,"href":"https:\/\/www.ecuadoraldia.com.ec\/index.php?rest_route=%2Fwp%2Fv2%2Fcategories&post=8296"},{"taxonomy":"post_tag","embeddable":true,"href":"https:\/\/www.ecuadoraldia.com.ec\/index.php?rest_route=%2Fwp%2Fv2%2Ftags&post=8296"}],"curies":[{"name":"wp","href":"https:\/\/api.w.org\/{rel}","templated":true}]}}