{"id":8299,"date":"2015-04-07T22:26:04","date_gmt":"2015-04-07T22:26:04","guid":{"rendered":"http:\/\/www.ecuadoraldia.com.ec\/?p=8299"},"modified":"2015-04-07T22:26:04","modified_gmt":"2015-04-07T22:26:04","slug":"estado-subsidiara-pensiones-jubilares-solo-cuando-haga-falta","status":"publish","type":"post","link":"https:\/\/www.ecuadoraldia.com.ec\/?p=8299","title":{"rendered":"Estado subsidiar\u00e1 pensiones jubilares solo \u00abcuando haga falta\u00bb"},"content":{"rendered":"<p style=\"text-align: justify;\"><a href=\"http:\/\/www.ecuadoraldia.com.ec\/wp-content\/uploads\/2015\/04\/iess.jpg\"><img loading=\"lazy\" decoding=\"async\" class=\"alignleft size-medium wp-image-8300\" src=\"http:\/\/www.ecuadoraldia.com.ec\/wp-content\/uploads\/2015\/04\/iess-300x225.jpg\" alt=\"iess\" width=\"300\" height=\"225\" srcset=\"https:\/\/www.ecuadoraldia.com.ec\/wp-content\/uploads\/2015\/04\/iess-300x225.jpg 300w, https:\/\/www.ecuadoraldia.com.ec\/wp-content\/uploads\/2015\/04\/iess.jpg 369w\" sizes=\"(max-width: 300px) 100vw, 300px\" \/><\/a>\u00abEs hora de transparentar las cosas y que cada quien asuma sus responsabilidades\u00bb, manifest\u00f3 este martes el presidente Rafael Correa, al subrayar que una de las reformas institucionales m\u00e1s importantes es la del Instituto Ecuatoriano de Seguridad Social (IESS), \u00abque se dice aut\u00f3nomo cada vez que le conviene, pero todo tiene que pagar el Gobierno y con eso esconde sus ineficiencias\u00bb.<\/p>\n<p style=\"text-align: justify;\">Durante una ceremonia esta ma\u00f1ana, el Mandatario explic\u00f3 que en estos momentos el IESS es el mayor ahorrador del pa\u00eds, \u00able sobra plata, no le falta\u00bb, por lo que es un \u00abcompleto absurdo\u00bb que el Gobierno Central tenga que dar cerca de $ 1.100 millones anuales en un subsidio que \u00abno necesita\u00bb del 40% de las pensiones jubilares.<\/p>\n<p style=\"text-align: justify;\">Indic\u00f3 que se ha propuesto que el Estado d\u00e9 el subsidio a las pensiones jubilares solo cuando haga falta.<\/p>\n<p style=\"text-align: justify;\">Correa rechaz\u00f3 que se diga \u00abque estamos en una situaci\u00f3n cr\u00edtica y que yo no quiero pagar eso al IESS. Esto lo he venido planteando desde que fui ministro de Econom\u00eda y se present\u00f3 la ley (a la Asamblea) mucho antes de la ca\u00edda de los precios del petr\u00f3leo\u00bb, subray\u00f3.<\/p>\n<p style=\"text-align: justify;\">El Jefe de Estado tambi\u00e9n ratific\u00f3 que no se rebajar\u00e1n las pensiones jubilares como se ha rumorado. \u00abNo se rebajar\u00e1 ni un centavo las pensiones, que dicho sea de paso son las m\u00e1s altas de la regi\u00f3n. Se va a eliminar esa obligaci\u00f3n absurda de susbsidiar y, por el contrario, se va a poner la obligaci\u00f3n del Gobierno de garantizar las pensiones jubilares\u00bb.<\/p>\n<p style=\"text-align: justify;\">\u00ab\u00bfQu\u00e9 pasa si m\u00e1s tarde se necesitan no el 40% sino 80%? Quiebra el IESS. Por eso, lo correcto es que el Estado central garantice las pensiones\u00bb, subray\u00f3.<\/p>\n<p style=\"text-align: justify;\">Correa reiter\u00f3 que el IESS tiene super\u00e1vit y graves ineficiencias. Agreg\u00f3, adem\u00e1s, que como no posee d\u00e9ficit tiene que invertir, y \u00ablo hace en nosotros mismos, el Estado no le debe ni un centavo\u00bb.<\/p>\n<p style=\"text-align: justify;\">Dijo que el IESS tiene inversiones en bonos del Gobierno, \u00abporque no tiene en qu\u00e9 m\u00e1s invertir, y eso ha acumulado una deuda de cerca de $ 8 mil millones, la tan satanizada deuda p\u00fablica, y significa un pago por intereses de $ 500 millones\u00bb.<\/p>\n<p style=\"text-align: justify;\">El Mandatario recalc\u00f3 que $ 1.100 millones de un subsidio que no se necesita es gasto p\u00fablico. A\u00f1adi\u00f3 que los jubilados no llegan ni a 400 mil personas, es decir, el 30% de los adultos mayores. El 70% restante no tiene ning\u00fan tipo de jubilaci\u00f3n y el Gobierno los atiende con bonos mensuales, entre otros programas.<\/p>\n<p style=\"text-align: justify;\">Tambi\u00e9n indic\u00f3 que \u00abse han inventado una nueva deuda de $ 1.700 millones, que naci\u00f3 del informe de un miembro del Directorio del IESS, sin ning\u00fan sustento t\u00e9cnico. De all\u00ed que llam\u00f3 a revisar la Ley y la Constituci\u00f3n.<\/p>\n<p style=\"text-align: justify;\">M\u00e1s temprano, el vocero de la Secretar\u00eda Nacional de Comunicaci\u00f3n, Stefano Iannuzzelli, ley\u00f3 un comunicado en el que se aclara que el Gobierno cancel\u00f3 de forma oportuna m\u00e1s de $ 3.500 millones al IESS, por concepto de contribuci\u00f3n del 40% a las pensiones jubilares, hasta diciembre de 2014.<\/p>\n<p style=\"text-align: justify;\">Adem\u00e1s, que la Ley privatizadora modificada en el a\u00f1o 2001 no solo que nunca cont\u00f3 con un reglamento que operativice pago alguno, \u00absino que no guarda coherencia con la actual Constituci\u00f3n de Montecristi, que expresa claramente que los servicios de salud se deben brindar a trav\u00e9s de una red integral\u00bb.<\/p>\n<p style=\"text-align: justify;\">Tambi\u00e9n ratific\u00f3 que, \u00abcomo parte de la construcci\u00f3n y consecuci\u00f3n de un Sistema de Seguridad Social universal y de calidad, el Gobierno Nacional garantizar\u00e1 el pago de las pensiones jubilares\u00bb.<\/p>\n<p style=\"text-align: justify;\">En ese sentido, indic\u00f3, \u00abel Estado asumir\u00e1 la responsabilidad subsidiaria de incluir los fondos para este rubro dentro del Presupuesto General, cuando por alg\u00fan motivo el IESS no cuente con los recursos necesarios para cumplir con sus obligaciones\u00bb. Lo que se busca es que esta instituci\u00f3n sea, como debe ser, \u00abautosostenible y, que genere sus propios ingresos\u00bb. (El tel\u00e9grafo)<\/p>\n","protected":false},"excerpt":{"rendered":"<p>\u00abEs hora de transparentar las cosas y que cada quien asuma sus responsabilidades\u00bb, manifest\u00f3 este martes el presidente Rafael Correa,<\/p>\n","protected":false},"author":1,"featured_media":0,"comment_status":"open","ping_status":"open","sticky":false,"template":"","format":"standard","meta":{"footnotes":""},"categories":[4],"tags":[],"_links":{"self":[{"href":"https:\/\/www.ecuadoraldia.com.ec\/index.php?rest_route=\/wp\/v2\/posts\/8299"}],"collection":[{"href":"https:\/\/www.ecuadoraldia.com.ec\/index.php?rest_route=\/wp\/v2\/posts"}],"about":[{"href":"https:\/\/www.ecuadoraldia.com.ec\/index.php?rest_route=\/wp\/v2\/types\/post"}],"author":[{"embeddable":true,"href":"https:\/\/www.ecuadoraldia.com.ec\/index.php?rest_route=\/wp\/v2\/users\/1"}],"replies":[{"embeddable":true,"href":"https:\/\/www.ecuadoraldia.com.ec\/index.php?rest_route=%2Fwp%2Fv2%2Fcomments&post=8299"}],"version-history":[{"count":1,"href":"https:\/\/www.ecuadoraldia.com.ec\/index.php?rest_route=\/wp\/v2\/posts\/8299\/revisions"}],"predecessor-version":[{"id":8301,"href":"https:\/\/www.ecuadoraldia.com.ec\/index.php?rest_route=\/wp\/v2\/posts\/8299\/revisions\/8301"}],"wp:attachment":[{"href":"https:\/\/www.ecuadoraldia.com.ec\/index.php?rest_route=%2Fwp%2Fv2%2Fmedia&parent=8299"}],"wp:term":[{"taxonomy":"category","embeddable":true,"href":"https:\/\/www.ecuadoraldia.com.ec\/index.php?rest_route=%2Fwp%2Fv2%2Fcategories&post=8299"},{"taxonomy":"post_tag","embeddable":true,"href":"https:\/\/www.ecuadoraldia.com.ec\/index.php?rest_route=%2Fwp%2Fv2%2Ftags&post=8299"}],"curies":[{"name":"wp","href":"https:\/\/api.w.org\/{rel}","templated":true}]}}