{"id":8302,"date":"2015-04-08T12:04:22","date_gmt":"2015-04-08T12:04:22","guid":{"rendered":"http:\/\/www.ecuadoraldia.com.ec\/?p=8302"},"modified":"2015-04-08T12:04:22","modified_gmt":"2015-04-08T12:04:22","slug":"ecuador-acogera-el-sudamericano-de-canotaje-luego-de-11-anos","status":"publish","type":"post","link":"https:\/\/www.ecuadoraldia.com.ec\/?p=8302","title":{"rendered":"Ecuador acoger\u00e1 el Sudamericano de Canotaje luego de 11 a\u00f1os"},"content":{"rendered":"<p style=\"text-align: justify;\"><a href=\"http:\/\/www.ecuadoraldia.com.ec\/wp-content\/uploads\/2015\/04\/deo.jpg\"><img loading=\"lazy\" decoding=\"async\" class=\"alignleft size-medium wp-image-8303\" src=\"http:\/\/www.ecuadoraldia.com.ec\/wp-content\/uploads\/2015\/04\/deo-300x217.jpg\" alt=\"deo\" width=\"300\" height=\"217\" srcset=\"https:\/\/www.ecuadoraldia.com.ec\/wp-content\/uploads\/2015\/04\/deo-300x217.jpg 300w, https:\/\/www.ecuadoraldia.com.ec\/wp-content\/uploads\/2015\/04\/deo.jpg 580w\" sizes=\"(max-width: 300px) 100vw, 300px\" \/><\/a>Quito, 7 abr (Andes).- Ecuador acoger\u00e1 el Campeonato Sudamericano de Canotaje luego de 11 a\u00f1os. La \u00faltima vez que se desarroll\u00f3 el certamen en el pa\u00eds fue en 2004, inform\u00f3 este martes a la agencia Andes el entrenador de la selecci\u00f3n ecuatoriana de esta disciplina, Sebasti\u00e1n De Cesare.<\/p>\n<p style=\"text-align: justify;\">Cerca de 300 personas, entre cano\u00edstas y entrenadores provenientes de los pa\u00edses de la regi\u00f3n en los que se practica el canotaje, intervendr\u00e1n en el Campeonato Sudamericano de la disciplina, que se desarrollar\u00e1 entre el 15 y el 19 de abril en la laguna de Yaguarcocha, cerca de Ibarra (norte andino).<\/p>\n<p style=\"text-align: justify;\">\u201cPor lo general en este tipo de competencias participan los atletas que est\u00e1n empezando en el deporte y quieren coger experiencia aunque tambi\u00e9n tendremos la presencia de los experimentados\u00bb, se\u00f1al\u00f3 De Cesare.<\/p>\n<p style=\"text-align: justify;\">El 16 de abril comienzan las competencias a las 08:00, que ser\u00e1 el horario de inicio todos los d\u00edas hasta el domingo en las categor\u00edas cadetes, j\u00fanior, Sub 21 y 23, y senior. En el evento participar\u00e1n: Argentina, Uruguay, Chile, Brasil, Colombia, Ecuador y Per\u00fa, pa\u00eds que a\u00fan no confirma su presencia.<\/p>\n<p style=\"text-align: justify;\">El equipo anfitri\u00f3n competir\u00e1 con 35 deportistas en distintas edades y categor\u00edas, siendo la campeona del mundo en j\u00fanior, Angie Avegno, y el cano\u00edsta ol\u00edmpico C\u00e9sar De Cesare, sus principales exponentes.<\/p>\n<p style=\"text-align: justify;\">\u201cEn la plantilla tenemos unos 12 o 14 experimentados y los dem\u00e1s son muchachos que han empezado el a\u00f1o pasado o hace un a\u00f1o y medio, por lo que buscan m\u00e1s rodaje en el deporte\u201d, explic\u00f3 el entrenador de la &#8216;Tricolor&#8217;.<\/p>\n<p style=\"text-align: justify;\">El campeonato tiene el aval de la Confederaci\u00f3n Sudamericana de Canotaje, el de la Federaci\u00f3n Ecuatoriana, del Comit\u00e9 Ol\u00edmpico Ecuatoriano y el respaldo del Ministerio del Deporte y del Municipio de Ibarra. (ANDES)<\/p>\n","protected":false},"excerpt":{"rendered":"<p>Quito, 7 abr (Andes).- Ecuador acoger\u00e1 el Campeonato Sudamericano de Canotaje luego de 11 a\u00f1os. La \u00faltima vez que se<\/p>\n","protected":false},"author":1,"featured_media":0,"comment_status":"open","ping_status":"open","sticky":false,"template":"","format":"standard","meta":{"footnotes":""},"categories":[10],"tags":[],"_links":{"self":[{"href":"https:\/\/www.ecuadoraldia.com.ec\/index.php?rest_route=\/wp\/v2\/posts\/8302"}],"collection":[{"href":"https:\/\/www.ecuadoraldia.com.ec\/index.php?rest_route=\/wp\/v2\/posts"}],"about":[{"href":"https:\/\/www.ecuadoraldia.com.ec\/index.php?rest_route=\/wp\/v2\/types\/post"}],"author":[{"embeddable":true,"href":"https:\/\/www.ecuadoraldia.com.ec\/index.php?rest_route=\/wp\/v2\/users\/1"}],"replies":[{"embeddable":true,"href":"https:\/\/www.ecuadoraldia.com.ec\/index.php?rest_route=%2Fwp%2Fv2%2Fcomments&post=8302"}],"version-history":[{"count":1,"href":"https:\/\/www.ecuadoraldia.com.ec\/index.php?rest_route=\/wp\/v2\/posts\/8302\/revisions"}],"predecessor-version":[{"id":8304,"href":"https:\/\/www.ecuadoraldia.com.ec\/index.php?rest_route=\/wp\/v2\/posts\/8302\/revisions\/8304"}],"wp:attachment":[{"href":"https:\/\/www.ecuadoraldia.com.ec\/index.php?rest_route=%2Fwp%2Fv2%2Fmedia&parent=8302"}],"wp:term":[{"taxonomy":"category","embeddable":true,"href":"https:\/\/www.ecuadoraldia.com.ec\/index.php?rest_route=%2Fwp%2Fv2%2Fcategories&post=8302"},{"taxonomy":"post_tag","embeddable":true,"href":"https:\/\/www.ecuadoraldia.com.ec\/index.php?rest_route=%2Fwp%2Fv2%2Ftags&post=8302"}],"curies":[{"name":"wp","href":"https:\/\/api.w.org\/{rel}","templated":true}]}}