{"id":8305,"date":"2015-04-08T12:05:48","date_gmt":"2015-04-08T12:05:48","guid":{"rendered":"http:\/\/www.ecuadoraldia.com.ec\/?p=8305"},"modified":"2015-04-08T12:05:48","modified_gmt":"2015-04-08T12:05:48","slug":"secom-la-deuda-al-iess-no-existe","status":"publish","type":"post","link":"https:\/\/www.ecuadoraldia.com.ec\/?p=8305","title":{"rendered":"Secom: la deuda al IESS no existe"},"content":{"rendered":"<p style=\"text-align: justify;\"><a href=\"http:\/\/www.ecuadoraldia.com.ec\/wp-content\/uploads\/2015\/04\/secom-ec.jpg\"><img loading=\"lazy\" decoding=\"async\" class=\"alignleft size-medium wp-image-8306\" src=\"http:\/\/www.ecuadoraldia.com.ec\/wp-content\/uploads\/2015\/04\/secom-ec-300x225.jpg\" alt=\"secom ec\" width=\"300\" height=\"225\" srcset=\"https:\/\/www.ecuadoraldia.com.ec\/wp-content\/uploads\/2015\/04\/secom-ec-300x225.jpg 300w, https:\/\/www.ecuadoraldia.com.ec\/wp-content\/uploads\/2015\/04\/secom-ec.jpg 640w\" sizes=\"(max-width: 300px) 100vw, 300px\" \/><\/a>(Secom). Ayer en un comunicado oficial, que fue le\u00eddo por Stefano Iannuzzelli, se sostiene que \u201clos supuestos 1.700 millones de d\u00f3lares que se le adeudar\u00edan al IESS no existen\u201d.<\/p>\n<p style=\"text-align: justify;\">El argumento es que la Ley \u201cprivatizadora\u201d de Seguridad Social de 2001 \u201cnunca cont\u00f3 con un Reglamento que operativice pago alguno\u201d y que tampoco guarda coherencia con la Constituci\u00f3n.<\/p>\n<p style=\"text-align: justify;\">Durante tres minutos, el vocero de la Secom ley\u00f3 el documento de una p\u00e1gina, despu\u00e9s de que los medios esperaron media hora porque la \u2018conferencia de prensa\u2019, sin derecho a preguntas, se retras\u00f3.<\/p>\n<p style=\"text-align: justify;\">El comunicado dice que \u201cfrente a la manipulaci\u00f3n medi\u00e1tica (\u2026) se ve en la obligaci\u00f3n de desmentir\u201d las \u201ctergiversaciones\u201d que se habr\u00edan generado por las publicaciones que ha realizado la prensa.<\/p>\n<p style=\"text-align: justify;\">De acuerdo con la Secom, \u201cel Gobierno Nacional cancel\u00f3 de forma oportuna m\u00e1s de 3.500 millones de d\u00f3lares al IESS, por concepto de contribuci\u00f3n del 40% a las pensiones jubilares hasta diciembre de 2014\u201d.<\/p>\n<p style=\"text-align: justify;\">Al conocer sobre el comunicado de la entidad, los jubilados de diferentes organizaciones, que se reunieron ayer en uno de los edificios del IESS en Quito, estaban \u201cenardecidos\u201d, seg\u00fan Alfonso Y\u00e1nez, director de la convenci\u00f3n nacional de la Asamblea Extraordinaria de las Asociaciones de Jubilados Pensionistas y Adultos Mayores.<\/p>\n<p style=\"text-align: justify;\">Su posici\u00f3n se mantiene firme en que el porcentaje del 40% se debe mantener en la Ley de Seguridad Social. Hoy la Comisi\u00f3n de los Derechos de los Trabajadores aprobar\u00e1 el informe para segundo debate de las reformas laborales que modificar\u00e1n la normativa y eliminar\u00e1n el porcentaje del cuerpo legal.<\/p>\n<p style=\"text-align: justify;\">La Secom sostiene que \u201cel Estado asumir\u00e1 la responsabilidad subsidiaria de incluir los fondos para este rubro (pensiones jubilares) dentro del Presupuesto General, cuando por alg\u00fan motivo el IESS no cuente con los recursos necesarios para cumplir con sus obligaciones\u201d.<\/p>\n<p style=\"text-align: justify;\">Las declaraciones de ayer, realizadas por el vocero de la entidad, son las mismas que ha dado el presidente, Rafael Correa, en sus sabatinas y en la inauguraci\u00f3n de obras, que el IESS no tiene la necesidad de los fondos del Estado, pero que garantizar\u00e1 las pensiones cuando se requiera.<\/p>\n<p style=\"text-align: justify;\">Los jubilados no est\u00e1n de acuerdo con la posici\u00f3n oficialista. Por eso, estar\u00e1n hoy en la sesi\u00f3n de la Comisi\u00f3n de los Derechos de los Trabajadores.<\/p>\n<p style=\"text-align: justify;\">La semana pasada entregaron un oficio a la presidenta de la Comisi\u00f3n, Betty Carrillo, al presidente del Consejo Directivo del IESS, Richard Espinosa, y a la Presidencia, por lo que insistir\u00e1n que se les reciba en audiencia, se\u00f1al\u00f3 Y\u00e1nez. Pero tambi\u00e9n confirman que se unir\u00e1n a la marcha de los trabajadores el primero de mayo.<\/p>\n<p style=\"text-align: justify;\">El objetivo de las reuniones que quieren mantener con las autoridades es explicar la necesidad del 40% de contribuci\u00f3n del Estado para evitar que el d\u00e9ficit a futuro del IESS sea inmanejable. Adem\u00e1s, pedir que se mantenga la autonom\u00eda del Seguro Social. (AGO)<\/p>\n<p style=\"text-align: justify;\">La presidenta de la Comisi\u00f3n de los Derechos de los Trabajadores de la Asamblea, Betty Carrillo, dijo ayer en Ecuavisa que se necesita una reestructuraci\u00f3n de la Ley.<\/p>\n<p style=\"text-align: justify;\">Pero tambi\u00e9n sostuvo que hay un error de interpretaci\u00f3n: que el IESS es de los afiliados. \u201cEl IESS es una instituci\u00f3n que forma parte del Estado y, por lo tanto, no es solo de los afiliados, sino de todos los ecuatorianos. Esa es una nueva concepci\u00f3n\u201d, a\u00f1adi\u00f3.<\/p>\n<p style=\"text-align: justify;\">El comunicado de la Secom se\u00f1ala que el criterio \u201ccon mala intenci\u00f3n\u201d sobre una presunta desaparici\u00f3n del Seguro Social Campesino \u201ces absolutamente falso\u201d.<\/p>\n<p style=\"text-align: justify;\">1.700 millones ser\u00eda la deuda, seg\u00fan los jubilados. (LAHORA)<\/p>\n","protected":false},"excerpt":{"rendered":"<p>(Secom). Ayer en un comunicado oficial, que fue le\u00eddo por Stefano Iannuzzelli, se sostiene que \u201clos supuestos 1.700 millones de<\/p>\n","protected":false},"author":1,"featured_media":0,"comment_status":"open","ping_status":"open","sticky":false,"template":"","format":"standard","meta":{"footnotes":""},"categories":[3],"tags":[],"_links":{"self":[{"href":"https:\/\/www.ecuadoraldia.com.ec\/index.php?rest_route=\/wp\/v2\/posts\/8305"}],"collection":[{"href":"https:\/\/www.ecuadoraldia.com.ec\/index.php?rest_route=\/wp\/v2\/posts"}],"about":[{"href":"https:\/\/www.ecuadoraldia.com.ec\/index.php?rest_route=\/wp\/v2\/types\/post"}],"author":[{"embeddable":true,"href":"https:\/\/www.ecuadoraldia.com.ec\/index.php?rest_route=\/wp\/v2\/users\/1"}],"replies":[{"embeddable":true,"href":"https:\/\/www.ecuadoraldia.com.ec\/index.php?rest_route=%2Fwp%2Fv2%2Fcomments&post=8305"}],"version-history":[{"count":1,"href":"https:\/\/www.ecuadoraldia.com.ec\/index.php?rest_route=\/wp\/v2\/posts\/8305\/revisions"}],"predecessor-version":[{"id":8307,"href":"https:\/\/www.ecuadoraldia.com.ec\/index.php?rest_route=\/wp\/v2\/posts\/8305\/revisions\/8307"}],"wp:attachment":[{"href":"https:\/\/www.ecuadoraldia.com.ec\/index.php?rest_route=%2Fwp%2Fv2%2Fmedia&parent=8305"}],"wp:term":[{"taxonomy":"category","embeddable":true,"href":"https:\/\/www.ecuadoraldia.com.ec\/index.php?rest_route=%2Fwp%2Fv2%2Fcategories&post=8305"},{"taxonomy":"post_tag","embeddable":true,"href":"https:\/\/www.ecuadoraldia.com.ec\/index.php?rest_route=%2Fwp%2Fv2%2Ftags&post=8305"}],"curies":[{"name":"wp","href":"https:\/\/api.w.org\/{rel}","templated":true}]}}