{"id":8308,"date":"2015-04-08T12:14:31","date_gmt":"2015-04-08T12:14:31","guid":{"rendered":"http:\/\/www.ecuadoraldia.com.ec\/?p=8308"},"modified":"2015-04-08T12:14:31","modified_gmt":"2015-04-08T12:14:31","slug":"los-taxistas-reciben-al-menos-5-beneficios-de-parte-del-estado","status":"publish","type":"post","link":"https:\/\/www.ecuadoraldia.com.ec\/?p=8308","title":{"rendered":"Los taxistas reciben al menos 5 beneficios de parte del Estado"},"content":{"rendered":"<p style=\"text-align: justify;\"><a href=\"http:\/\/www.ecuadoraldia.com.ec\/wp-content\/uploads\/2015\/04\/puesta-de-taximetro.png\"><img loading=\"lazy\" decoding=\"async\" class=\"alignleft size-medium wp-image-8309\" src=\"http:\/\/www.ecuadoraldia.com.ec\/wp-content\/uploads\/2015\/04\/puesta-de-taximetro-300x159.png\" alt=\"puesta-de-taximetro\" width=\"300\" height=\"159\" srcset=\"https:\/\/www.ecuadoraldia.com.ec\/wp-content\/uploads\/2015\/04\/puesta-de-taximetro-300x159.png 300w, https:\/\/www.ecuadoraldia.com.ec\/wp-content\/uploads\/2015\/04\/puesta-de-taximetro.png 620w\" sizes=\"(max-width: 300px) 100vw, 300px\" \/><\/a>Ayer el alcalde Mauricio Rodas sancion\u00f3 con su firma la ordenanza aprobada el jueves anterior con su voto y el de 12 concejales por la que se establecen nuevas tarifas del servicio de taxis en Quito.<\/p>\n<p style=\"text-align: justify;\">Por ello, seg\u00fan el \u2018gremio amarillo\u2019, hoy podr\u00eda arrancar el proceso de recalibraci\u00f3n de tax\u00edmetros para adecuarlos a los nuevos valores: $ 1,45 la carrera m\u00ednima diurna y $ 1,75 la nocturna; $ 0,50 el arranque; $ 0,10 el minuto de espera y $ 0,40 el kil\u00f3metro recorrido.<\/p>\n<p style=\"text-align: justify;\">Carlos Brunis, presidente de la Federaci\u00f3n de Cooperativas de Taxis de Pichincha, se\u00f1al\u00f3 que el procedimiento podr\u00eda tomar 15 d\u00edas y que en ese per\u00edodo los nuevos valores se ir\u00edan aplicando gradualmente.<\/p>\n<p style=\"text-align: justify;\">El directivo neg\u00f3 que la aplicaci\u00f3n de sobretasas arancelarias dictada por el Gobierno Nacional a inicios de marzo fuese el factor fundamental para la elevaci\u00f3n de las tarifas, como se\u00f1alaron antes de la aprobaci\u00f3n de la ordenanza ediles afines a Rodas.<\/p>\n<p style=\"text-align: justify;\">Una posici\u00f3n similar fue la de Dar\u00edo Tapia, secretario metropolitano de Movilidad, quien defendi\u00f3 las razones t\u00e9cnicas del alza. Seg\u00fan el funcionario, la Alcald\u00eda adopt\u00f3 la decisi\u00f3n en base del estudio sobre el tema de la Universidad Cat\u00f3lica.<\/p>\n<p style=\"text-align: justify;\">Lea tambi\u00e9n: Los due\u00f1os de los carros de alquiler elevaron los precios sin autorizaci\u00f3n<\/p>\n<p style=\"text-align: justify;\">De acuerdo con Tapia, la PUCE incluy\u00f3 en su an\u00e1lisis temas como el que no hubieran revisado las tarifas del servicio en 12 a\u00f1os, el incremento del salario m\u00ednimo, el aumento del valor del costo de la vida y las propias salvaguardias.<\/p>\n<p style=\"text-align: justify;\">El secretario, sin embargo, no aclar\u00f3 la raz\u00f3n de que las cifras aprobadas no coincidan con las establecidas en las 2 versiones del documento.<\/p>\n<p style=\"text-align: justify;\">En tanto, el debate sobre el tema sigue. El concejal Jorge Alb\u00e1n (AP) record\u00f3 durante una entrevista al portal Ecuadorinmediato.com que los transportistas reciben una serie de beneficios por parte del Estado.<\/p>\n<p style=\"text-align: justify;\">Uno de ellos es el subsidio que recibe la importaci\u00f3n de derivados de petr\u00f3leo, entre ellos los combustibles para veh\u00edculos y que en 2013 representaron una inversi\u00f3n gubernamental de $ 3.800 millones y $ 3.937 millones, el a\u00f1o pasado, seg\u00fan datos del Banco Central.<\/p>\n<p style=\"text-align: justify;\">Lea tambi\u00e9n: Mantenses se acostumbran al uso del tax\u00edmetro<\/p>\n<p style=\"text-align: justify;\">Del mismo modo, desde hace 30 a\u00f1os los autom\u00f3viles para alquiler importados est\u00e1n exentos del pago de aranceles. Esta medida fue ratificada en 2001.<\/p>\n<p style=\"text-align: justify;\">As\u00ed mismo, en marzo de 2010 el presidente Rafael Correa firm\u00f3 un decreto en beneficio de los transportistas con el que se elimin\u00f3 el arancel de importaciones de lubricantes y repuestos.<\/p>\n<p style=\"text-align: justify;\">Del mismo modo, en agosto de 2011 el Ejecutivo lanz\u00f3 el plan Re\u00fasa-Llanta dedicado al reencauche de neum\u00e1ticos, con lo que los conductores ahorrar\u00edan m\u00e1s del 50% en reemplazo de llantas.<\/p>\n<p style=\"text-align: justify;\">Otro incentivo que reciben los transportistas es el programa Renova, mediante el cual se asigna un incentivo econ\u00f3mico para la chatarrizaci\u00f3n de las unidades viejas y su reemplazo por nuevas.<\/p>\n<p style=\"text-align: justify;\">En el caso de los taxis, esta especie de bono va desde los $ 2.409 para los automotores de 10 a 14 a\u00f1os de antig\u00fcedad hasta los $ 3.527 para los autos de m\u00e1s de 30 a\u00f1os.<\/p>\n<p style=\"text-align: justify;\">A ello se suma ahora la eliminaci\u00f3n de las sobretasas arancelarias para neum\u00e1ticos importados. (El tel\u00e9grafo)<\/p>\n","protected":false},"excerpt":{"rendered":"<p>Ayer el alcalde Mauricio Rodas sancion\u00f3 con su firma la ordenanza aprobada el jueves anterior con su voto y el<\/p>\n","protected":false},"author":1,"featured_media":0,"comment_status":"open","ping_status":"open","sticky":false,"template":"","format":"standard","meta":{"footnotes":""},"categories":[14],"tags":[],"_links":{"self":[{"href":"https:\/\/www.ecuadoraldia.com.ec\/index.php?rest_route=\/wp\/v2\/posts\/8308"}],"collection":[{"href":"https:\/\/www.ecuadoraldia.com.ec\/index.php?rest_route=\/wp\/v2\/posts"}],"about":[{"href":"https:\/\/www.ecuadoraldia.com.ec\/index.php?rest_route=\/wp\/v2\/types\/post"}],"author":[{"embeddable":true,"href":"https:\/\/www.ecuadoraldia.com.ec\/index.php?rest_route=\/wp\/v2\/users\/1"}],"replies":[{"embeddable":true,"href":"https:\/\/www.ecuadoraldia.com.ec\/index.php?rest_route=%2Fwp%2Fv2%2Fcomments&post=8308"}],"version-history":[{"count":1,"href":"https:\/\/www.ecuadoraldia.com.ec\/index.php?rest_route=\/wp\/v2\/posts\/8308\/revisions"}],"predecessor-version":[{"id":8310,"href":"https:\/\/www.ecuadoraldia.com.ec\/index.php?rest_route=\/wp\/v2\/posts\/8308\/revisions\/8310"}],"wp:attachment":[{"href":"https:\/\/www.ecuadoraldia.com.ec\/index.php?rest_route=%2Fwp%2Fv2%2Fmedia&parent=8308"}],"wp:term":[{"taxonomy":"category","embeddable":true,"href":"https:\/\/www.ecuadoraldia.com.ec\/index.php?rest_route=%2Fwp%2Fv2%2Fcategories&post=8308"},{"taxonomy":"post_tag","embeddable":true,"href":"https:\/\/www.ecuadoraldia.com.ec\/index.php?rest_route=%2Fwp%2Fv2%2Ftags&post=8308"}],"curies":[{"name":"wp","href":"https:\/\/api.w.org\/{rel}","templated":true}]}}