{"id":8315,"date":"2015-04-08T20:52:56","date_gmt":"2015-04-08T20:52:56","guid":{"rendered":"http:\/\/www.ecuadoraldia.com.ec\/?p=8315"},"modified":"2015-04-08T20:53:23","modified_gmt":"2015-04-08T20:53:23","slug":"bonil-exhorto-a-la-supercom-a-mejorar-su-practicas-profesionales","status":"publish","type":"post","link":"https:\/\/www.ecuadoraldia.com.ec\/?p=8315","title":{"rendered":"Bonil: &#8216;Exhorto a la Supercom a mejorar su pr\u00e1cticas profesionales&#8217;"},"content":{"rendered":"<p style=\"text-align: justify;\"><a href=\"http:\/\/www.ecuadoraldia.com.ec\/wp-content\/uploads\/2015\/04\/BONIL.jpg\"><img loading=\"lazy\" decoding=\"async\" class=\"alignleft size-medium wp-image-8316\" src=\"http:\/\/www.ecuadoraldia.com.ec\/wp-content\/uploads\/2015\/04\/BONIL-300x166.jpg\" alt=\"BONIL\" width=\"300\" height=\"166\" srcset=\"https:\/\/www.ecuadoraldia.com.ec\/wp-content\/uploads\/2015\/04\/BONIL-300x166.jpg 300w, https:\/\/www.ecuadoraldia.com.ec\/wp-content\/uploads\/2015\/04\/BONIL.jpg 612w\" sizes=\"(max-width: 300px) 100vw, 300px\" \/><\/a>El caricaturista Xavier Bonilla, \u2018Bonil\u2019, se enter\u00f3 a trav\u00e9s de Twitter de la decisi\u00f3n de la Fiscal\u00eda de pedir la desestimaci\u00f3n de la indagaci\u00f3n por supuesta discriminaci\u00f3n en su contra y del diario El Universo.<\/p>\n<p style=\"text-align: justify;\">La tarde de hoy, 7 de abril del 2015, la Fiscal\u00eda comunic\u00f3 en las redes sociales que ha entregado en la Unidad Judicial Penal de Quito la solicitud para que se archive la investigaci\u00f3n, pues no se encontraron elementos suficientes que configuren el delito de discriminaci\u00f3n.<\/p>\n<p style=\"text-align: justify;\">\u201cNo he recibido ninguna notificaci\u00f3n pero en este caso cabe la expresi\u00f3n \u2018un pajarito me lo cont\u00f3\u2019, porque efectivamente fue el pajarito azul de Twitter por el cual me enter\u00e9 de que la Fiscal\u00eda solicita la desestimaci\u00f3n de la indagaci\u00f3n previa\u201d, dijo Bonil minutos despu\u00e9s del tuit.<\/p>\n<p style=\"text-align: justify;\">El caricaturista asegur\u00f3 que a\u00fan no ha conversado con sus abogados, pero que analizar\u00e1n la posibilidad de nuevas acciones judiciales o administrativas. \u201cYo no s\u00e9 si el Gobierno ha recuperado la sensatez, no puedo asegurar eso sino que el Gobierno nunca ha pedido el sentido de la verg\u00fcenza. Me quedo extra\u00f1ado que si el organismo jur\u00eddico, como es la Fiscal\u00eda, dice que no existen elementos que indiquen el cometimiento de este delito (discriminaci\u00f3n), \u00bfc\u00f3mo es que la Superintendencia de Comunicaci\u00f3n (Supercom) nos sancion\u00f3?\u201d.<\/p>\n<p>La indagaci\u00f3n en la Fiscal\u00eda se inici\u00f3 despu\u00e9s de que la Supercom sancion\u00f3 a Bonil y al diario El Universo por publicar una caricatura discriminatoria \u201cpor motivos socioecon\u00f3micos\u201d. El dibujo hac\u00eda referencia a los problemas de lectura del asamble\u00edsta y exfutbolista Agust\u00edn Delgado.<\/p>\n<p style=\"text-align: justify;\">\u201cEn virtud de esto, me gustar\u00eda hacerles una amonestaci\u00f3n a la Supercom y exhortarles a mejorar sus pr\u00e1cticas profesionales. Un exhorto igual al que me hicieron a m\u00ed\u201d, asegura. Bonil asegura que su conciencia siempre ha estado tranquila, y que con esto seguir\u00e1 pendiente y dormir\u00e1 \u201ccon un ojo abierto\u201d por las acciones que la Supercom pueda tener a futuro. EL COMERCIO<\/p>\n","protected":false},"excerpt":{"rendered":"<p>El caricaturista Xavier Bonilla, \u2018Bonil\u2019, se enter\u00f3 a trav\u00e9s de Twitter de la decisi\u00f3n de la Fiscal\u00eda de pedir la<\/p>\n","protected":false},"author":1,"featured_media":0,"comment_status":"open","ping_status":"open","sticky":false,"template":"","format":"standard","meta":{"footnotes":""},"categories":[5],"tags":[],"_links":{"self":[{"href":"https:\/\/www.ecuadoraldia.com.ec\/index.php?rest_route=\/wp\/v2\/posts\/8315"}],"collection":[{"href":"https:\/\/www.ecuadoraldia.com.ec\/index.php?rest_route=\/wp\/v2\/posts"}],"about":[{"href":"https:\/\/www.ecuadoraldia.com.ec\/index.php?rest_route=\/wp\/v2\/types\/post"}],"author":[{"embeddable":true,"href":"https:\/\/www.ecuadoraldia.com.ec\/index.php?rest_route=\/wp\/v2\/users\/1"}],"replies":[{"embeddable":true,"href":"https:\/\/www.ecuadoraldia.com.ec\/index.php?rest_route=%2Fwp%2Fv2%2Fcomments&post=8315"}],"version-history":[{"count":2,"href":"https:\/\/www.ecuadoraldia.com.ec\/index.php?rest_route=\/wp\/v2\/posts\/8315\/revisions"}],"predecessor-version":[{"id":8318,"href":"https:\/\/www.ecuadoraldia.com.ec\/index.php?rest_route=\/wp\/v2\/posts\/8315\/revisions\/8318"}],"wp:attachment":[{"href":"https:\/\/www.ecuadoraldia.com.ec\/index.php?rest_route=%2Fwp%2Fv2%2Fmedia&parent=8315"}],"wp:term":[{"taxonomy":"category","embeddable":true,"href":"https:\/\/www.ecuadoraldia.com.ec\/index.php?rest_route=%2Fwp%2Fv2%2Fcategories&post=8315"},{"taxonomy":"post_tag","embeddable":true,"href":"https:\/\/www.ecuadoraldia.com.ec\/index.php?rest_route=%2Fwp%2Fv2%2Ftags&post=8315"}],"curies":[{"name":"wp","href":"https:\/\/api.w.org\/{rel}","templated":true}]}}