{"id":8319,"date":"2015-04-08T20:56:49","date_gmt":"2015-04-08T20:56:49","guid":{"rendered":"http:\/\/www.ecuadoraldia.com.ec\/?p=8319"},"modified":"2015-04-08T20:56:49","modified_gmt":"2015-04-08T20:56:49","slug":"alemania-investiga-si-criminales-nazis-fugaron-a-ecuador","status":"publish","type":"post","link":"https:\/\/www.ecuadoraldia.com.ec\/?p=8319","title":{"rendered":"Alemania investiga si criminales nazis fugaron a Ecuador"},"content":{"rendered":"<p style=\"text-align: justify;\"><a href=\"http:\/\/www.ecuadoraldia.com.ec\/wp-content\/uploads\/2015\/04\/VISITA_EMBAJADOR_.jpg\"><img loading=\"lazy\" decoding=\"async\" class=\"alignleft size-medium wp-image-8320\" src=\"http:\/\/www.ecuadoraldia.com.ec\/wp-content\/uploads\/2015\/04\/VISITA_EMBAJADOR_-300x172.jpg\" alt=\"VISITA_EMBAJADOR_\" width=\"300\" height=\"172\" srcset=\"https:\/\/www.ecuadoraldia.com.ec\/wp-content\/uploads\/2015\/04\/VISITA_EMBAJADOR_-300x172.jpg 300w, https:\/\/www.ecuadoraldia.com.ec\/wp-content\/uploads\/2015\/04\/VISITA_EMBAJADOR_.jpg 450w\" sizes=\"(max-width: 300px) 100vw, 300px\" \/><\/a>El embajador de Ecuador en Alemania, Jorge Jurado, visit\u00f3 recientemente la Oficina Central para el Seguimiento de los Cr\u00edmenes Nacionalsocialistas, que ha obtenido nuevos datos sobre la hu\u00edda de dirigentes nazis al pa\u00eds sudamericano.<\/p>\n<p style=\"text-align: justify;\">Jurado realiz\u00f3 la visita a la Oficina Central, ubicada en la ciudad de Ludwigsburg (suroeste de Alemania), a fines de marzo pasado, en compa\u00f1\u00eda del c\u00f3nsul honorario de Ecuador en el estado federado de Baden W\u00fcrttemberg, Siegfried Rapp, inform\u00f3 la Embajada en un comunicado.<\/p>\n<p style=\"text-align: justify;\">El fiscal Kurt Schrimm y el comisario jefe del departamento de lo criminal, Uwe Steinz, se informaron sobre el acceso a documentos, registros y archivos en Ecuador para investigar sobre la posible fuga de criminales nazis al Ecuador. La Oficina Central comunicar\u00eda los resultados de la investigaci\u00f3n a la Fiscal\u00eda competente. \u00c9sta tomar\u00eda luego la decisi\u00f3n de formular la eventual acusaci\u00f3n.<\/p>\n<p style=\"text-align: justify;\">En su visita, el embajador Jurado asegur\u00f3 apoyar a la Oficina Central en sus labores, a fin de que se concedan los permisos para el acceso a todos los archivos necesarios.<\/p>\n<p style=\"text-align: justify;\">Seg\u00fan la Embajada, \u00abel viaje de trabajo de los se\u00f1ores Schrimm y Steinz se realizar\u00e1 en breve, ya que el factor temporal juega un importante papel en este caso\u00bb.<\/p>\n<p style=\"text-align: justify;\">\u00abUno o dos nazis\u00bb<\/p>\n<p style=\"text-align: justify;\">La agencia EFE indic\u00f3 que Jurado garantiz\u00f3 a las autoridades alemanas el apoyo diplom\u00e1tico para buscar la huella de \u00abuno o dos\u00bb criminales nazis que se sospecha pudieron llegar a Ecuador tras la II Guerra Mundial.<\/p>\n<p style=\"text-align: justify;\">\u00abTienen informaciones muy serias, de un exembajador alem\u00e1n en Washington, que indican que en esa \u00e9poca (entre 1945 y 1955) emigraron a Ecuador gran cantidad de ciudadanos alemanes, y que dentro de ese grupo habr\u00eda habido varias personas con antecedentes nazis, directamente involucradas en cr\u00edmenes de guerra\u00bb, explic\u00f3 Jurado a EFE.<\/p>\n<p style=\"text-align: justify;\">Se tratar\u00eda de una o dos personas que posiblemente a\u00fan vivan, aunque se desconoce si desde Ecuador se desplazaron despu\u00e9s a alg\u00fan otro pa\u00eds latinoamericano.<\/p>\n<p style=\"text-align: justify;\">La intenci\u00f3n de la Oficina Central encargada de investigar los cr\u00edmenes del nacionalsocialismo, apunt\u00f3 Jurado, es revisar en Ecuador archivos del Ministerio de Relaciones Exteriores y tambi\u00e9n de la Oficina de Extranjer\u00eda, dependiente del Ministerio del Interior.<\/p>\n<p style=\"text-align: justify;\">\u00abLes garantic\u00e9 que realizar\u00eda todos los tr\u00e1mites necesarios\u00bb, subray\u00f3 el embajador, quien avanz\u00f3 que ser\u00e1 previsiblemente en el mes de julio cuando viaje a Ecuador una delegaci\u00f3n formada por el fiscal Schrimm, y el comisario Steinz.<\/p>\n<p style=\"text-align: justify;\">No se trata de la primera vez que este organismo, fundado en 1958, se pone en contacto con Jurado, a quien se dirigieron el a\u00f1o pasado para investigar indicios que apuntaban a que un sujeto presuntamente involucrado en uno de los campos de exterminio hab\u00eda viajado a Ecuador tras el fin del r\u00e9gimen nazi y desde all\u00ed a otro pa\u00eds de la regi\u00f3n.<\/p>\n<p style=\"text-align: justify;\">Se solicitaron diversas indagaciones a Ecuador, pero las autoridades alemanas no dieron m\u00e1s pasos en ese caso concreto.<\/p>\n<p style=\"text-align: justify;\">Jurado repas\u00f3 las informaciones que apuntan a las \u00absimpat\u00edas\u00bb que puedo haber tenido el gobierno ecuatoriano de la \u00e9poca con las fuerzas del Eje, contexto en el que se habr\u00eda producido la llegada de ciudadanos alemanes despu\u00e9s de la derrota germana en la II Guerra Mundial.<\/p>\n<p style=\"text-align: justify;\">No obstante, el embajador record\u00f3 que son muchos y m\u00e1s antiguos los lazos entre Alemania y Ecuador, pa\u00eds que visit\u00f3 ya en 1802 el naturalista y expedicionario alem\u00e1n Alexander von Humboldt y a donde lleg\u00f3 en 1860 una misi\u00f3n de jesuitas germanos que fundaron la primera escuela polit\u00e9cnica.<\/p>\n<p style=\"text-align: justify;\">\u00abEcuador no era desconocido en Alemania\u00bb, apunt\u00f3 Jurado, quien subray\u00f3 tambi\u00e9n que su pa\u00eds acogi\u00f3 a numerosos jud\u00edos que abandonaron territorio germano a partir de 1933, con la llegada de Adolf Hitler al poder. (TEL\u00c9GRAFO)<\/p>\n","protected":false},"excerpt":{"rendered":"<p>El embajador de Ecuador en Alemania, Jorge Jurado, visit\u00f3 recientemente la Oficina Central para el Seguimiento de los Cr\u00edmenes Nacionalsocialistas,<\/p>\n","protected":false},"author":1,"featured_media":0,"comment_status":"open","ping_status":"open","sticky":false,"template":"","format":"standard","meta":{"footnotes":""},"categories":[7],"tags":[],"_links":{"self":[{"href":"https:\/\/www.ecuadoraldia.com.ec\/index.php?rest_route=\/wp\/v2\/posts\/8319"}],"collection":[{"href":"https:\/\/www.ecuadoraldia.com.ec\/index.php?rest_route=\/wp\/v2\/posts"}],"about":[{"href":"https:\/\/www.ecuadoraldia.com.ec\/index.php?rest_route=\/wp\/v2\/types\/post"}],"author":[{"embeddable":true,"href":"https:\/\/www.ecuadoraldia.com.ec\/index.php?rest_route=\/wp\/v2\/users\/1"}],"replies":[{"embeddable":true,"href":"https:\/\/www.ecuadoraldia.com.ec\/index.php?rest_route=%2Fwp%2Fv2%2Fcomments&post=8319"}],"version-history":[{"count":1,"href":"https:\/\/www.ecuadoraldia.com.ec\/index.php?rest_route=\/wp\/v2\/posts\/8319\/revisions"}],"predecessor-version":[{"id":8321,"href":"https:\/\/www.ecuadoraldia.com.ec\/index.php?rest_route=\/wp\/v2\/posts\/8319\/revisions\/8321"}],"wp:attachment":[{"href":"https:\/\/www.ecuadoraldia.com.ec\/index.php?rest_route=%2Fwp%2Fv2%2Fmedia&parent=8319"}],"wp:term":[{"taxonomy":"category","embeddable":true,"href":"https:\/\/www.ecuadoraldia.com.ec\/index.php?rest_route=%2Fwp%2Fv2%2Fcategories&post=8319"},{"taxonomy":"post_tag","embeddable":true,"href":"https:\/\/www.ecuadoraldia.com.ec\/index.php?rest_route=%2Fwp%2Fv2%2Ftags&post=8319"}],"curies":[{"name":"wp","href":"https:\/\/api.w.org\/{rel}","templated":true}]}}