{"id":8325,"date":"2015-04-08T22:00:54","date_gmt":"2015-04-08T22:00:54","guid":{"rendered":"http:\/\/www.ecuadoraldia.com.ec\/?p=8325"},"modified":"2015-04-08T22:00:54","modified_gmt":"2015-04-08T22:00:54","slug":"quito-concursara-para-ser-la-ciudad-mas-creativa-del-mundo","status":"publish","type":"post","link":"https:\/\/www.ecuadoraldia.com.ec\/?p=8325","title":{"rendered":"Quito concursar\u00e1 para ser la ciudad m\u00e1s creativa del mundo"},"content":{"rendered":"<p style=\"text-align: justify;\"><a href=\"http:\/\/www.ecuadoraldia.com.ec\/wp-content\/uploads\/2015\/04\/QUITO-NOC.jpg\"><img loading=\"lazy\" decoding=\"async\" class=\"alignleft size-medium wp-image-8326\" src=\"http:\/\/www.ecuadoraldia.com.ec\/wp-content\/uploads\/2015\/04\/QUITO-NOC-300x202.jpg\" alt=\"QUITO NOC\" width=\"300\" height=\"202\" srcset=\"https:\/\/www.ecuadoraldia.com.ec\/wp-content\/uploads\/2015\/04\/QUITO-NOC-300x202.jpg 300w, https:\/\/www.ecuadoraldia.com.ec\/wp-content\/uploads\/2015\/04\/QUITO-NOC.jpg 576w\" sizes=\"(max-width: 300px) 100vw, 300px\" \/><\/a>El martes 21 de abril, los emprendedores de Quito y el Ecuador se unir\u00e1n a sus pares de, hasta el momento, 28 ciudades para participar del primer campeonato mundial de ideas, denominado Ideas World Cup 2015. De ese modo se celebrar\u00e1 el D\u00eda Mundial de la Creatividad e Innovaci\u00f3n.<\/p>\n<p style=\"text-align: justify;\">Ideas World Cup 2015 es un acto global, que busca cambiar el mundo gracias a la contribuci\u00f3n y creatividad de sus habitantes. La empresa municipal Conquito es la entidad que impulsa la competencia, ya que se considera que los problemas que afectan a los habitantes del planeta tienen soluci\u00f3n si aprovechamos el talento y la creatividad de todos.<\/p>\n<p style=\"text-align: justify;\">Durante el concurso, los participantes estar\u00e1n presentes, tanto f\u00edsicamente como conectados on-line, aportando sus ideas para cambiar el mundo.<\/p>\n<p style=\"text-align: justify;\">Quienes deseen participar en Quito no necesitan registrarse, solo asistir al acto que se realizar\u00e1 en la Plaza Foch, donde se colocar\u00e1n herramientas did\u00e1cticas como \u00e1rboles de ideas y el acceso a la plataforma Creative OS. Se presentar\u00e1n bandas musicales de colegios, Stand Up Comedy y habr\u00e1 varias otras actividades culturales simult\u00e1neamente al concurso.<\/p>\n<p style=\"text-align: justify;\">Esta iniciativa procura promover la participaci\u00f3n ciudadana de forma creativa, motivar a los ciudadanos a proponer y desarrollar soluciones a problemas de la ciudad, en diferentes \u00e1mbitos. Las categor\u00edas del concurso son: energ\u00eda, comunicaciones, gobierno y smart cities (ciudades inteligentes), recursos limitados y educaci\u00f3n. Conquito es la entidad que impulsa esta competencia.<\/p>\n<p style=\"text-align: justify;\">La p\u00e1gina web oficial del proyecto ser\u00e1 el epicentro de toda la competici\u00f3n. Apoyados en la herramienta Creative.OS desarrollada por Actitud Creativa, de Espa\u00f1a, todas las personas de cualquier rinc\u00f3n del mundo podr\u00e1n participar. En esa plataforma los internautas podr\u00e1n aportar ideas, ver en tiempo real cu\u00e1l equipo est\u00e1 generando m\u00e1s ideas, compartir las ideas que m\u00e1s les gusten, inspirarse en las de los dem\u00e1s e, incluso, ver en vivo lo que est\u00e1 sucediendo en cada una de las ciudades a trav\u00e9s de streaming.<\/p>\n<p style=\"text-align: justify;\">Estas son las ciudades que ya han confirmado su participaci\u00f3n en la primera edici\u00f3n del Ideas World Cup que se realizar\u00e1 el pr\u00f3ximo 21 de abril; Madrid, Cali, Bogot\u00e1, Rosario, Perth, Varanasi, Ciudad del Cabo, R\u00edo de Janeiro, Quito, Alcoi, Salamanca, Medell\u00edn, M\u00e9xico DF., Sur de Chile, Windhoek, Managua, Le\u00f3n Guanajuato, Casablanca, San Miguel de Tucum\u00e1n, Vigo, Zaragoza, Manizales, Albacete, Ituzaing\u00f3, Oviedo, Sant Cugat, Valencia y Pereira.<\/p>\n<p style=\"text-align: justify;\">Los ganadores se dividir\u00e1n en tres categor\u00edas:<\/p>\n<p style=\"text-align: justify;\">Ciudad con m\u00e1s ideas: El ganador absoluto de la competici\u00f3n. El oro ol\u00edmpico. La ciudad que consiga generar m\u00e1s ideas ser\u00e1, oficialmente, la ganadora de Ideas World Cup. La organizaci\u00f3n no mide el n\u00famero de participantes, sino la cantidad de ideas. Es posible que una ciudad tenga menos participantes pero \u00e9stos sean capaces de generar el triple de ideas que otra con m\u00e1s ciudadanos.<\/p>\n<p style=\"text-align: justify;\">Mejor idea local: La organizaci\u00f3n de cada ciudad elegir\u00e1 la mejor idea de entre todas las aportadas por el p\u00fablico en cada una de las categor\u00edas.<\/p>\n<p style=\"text-align: justify;\">Mejor idea global: Las mejores ideas locales competir\u00e1n entre s\u00ed por el t\u00edtulo de la mejor idea del I Ideas World Cup en cada una de las categor\u00edas. Un jurado de excepci\u00f3n se encargar\u00e1 de designar al ganador.<\/p>\n<p style=\"text-align: justify;\">Los ganadores se dar\u00e1n a conocer en un plazo de 15 d\u00edas, tras el ingreso, depuraci\u00f3n y selecci\u00f3n de ideas por ciudad, en la que se dar\u00e1 a conocer a la ciudad m\u00e1s creativa. Adem\u00e1s de la competici\u00f3n, se realizar\u00e1 una gala on-line, donde se anunciar\u00e1n los ganadores y se entregar\u00e1n los premios a cada pa\u00eds y ciudad en las diferentes categor\u00edas.<\/p>\n<p style=\"text-align: justify;\">Para Quito, ganar esta competencia significar\u00eda ser reconocida como la ciudad m\u00e1s creativa a nivel mundial. El premio para la mejor idea global ser\u00e1 un viaje a Espa\u00f1a para la presentaci\u00f3n de la misma y tambi\u00e9n habr\u00e1 un premio a nivel local.<\/p>\n<p style=\"text-align: justify;\">Quito fue propuesto por Conquito para ser parte del Ideas World Cup, ya que esta iniciativa brinda m\u00e1s oportunidades a los emprendedores. Para formar parte de este proyecto global, t\u00e9cnicos de la instancia municipal tuvieron una entrevista con Fernando Carruesco, l\u00edder del proyecto IWC de Actitud Creativa en Espa\u00f1a, donde se verific\u00f3 que Conquito cuenta con el aval municipal e idoneidad para liderar este evento en la ciudad.<\/p>\n<p style=\"text-align: justify;\">Dentro de la visi\u00f3n de la actual administraci\u00f3n municipal se encuentra el eje \u2018Quito ciudad Inteligente para la gente\u2019 y dentro de ella se encuentra la Agenda Digital Quito 2022, en la que se plantea el desarrollo de una ciudad digital socialmente innovadora. (DMQPaola Torres Olarte)<\/p>\n<p>&nbsp;<\/p>\n","protected":false},"excerpt":{"rendered":"<p>El martes 21 de abril, los emprendedores de Quito y el Ecuador se unir\u00e1n a sus pares de, hasta el<\/p>\n","protected":false},"author":1,"featured_media":0,"comment_status":"open","ping_status":"open","sticky":false,"template":"","format":"standard","meta":{"footnotes":""},"categories":[14],"tags":[],"_links":{"self":[{"href":"https:\/\/www.ecuadoraldia.com.ec\/index.php?rest_route=\/wp\/v2\/posts\/8325"}],"collection":[{"href":"https:\/\/www.ecuadoraldia.com.ec\/index.php?rest_route=\/wp\/v2\/posts"}],"about":[{"href":"https:\/\/www.ecuadoraldia.com.ec\/index.php?rest_route=\/wp\/v2\/types\/post"}],"author":[{"embeddable":true,"href":"https:\/\/www.ecuadoraldia.com.ec\/index.php?rest_route=\/wp\/v2\/users\/1"}],"replies":[{"embeddable":true,"href":"https:\/\/www.ecuadoraldia.com.ec\/index.php?rest_route=%2Fwp%2Fv2%2Fcomments&post=8325"}],"version-history":[{"count":1,"href":"https:\/\/www.ecuadoraldia.com.ec\/index.php?rest_route=\/wp\/v2\/posts\/8325\/revisions"}],"predecessor-version":[{"id":8327,"href":"https:\/\/www.ecuadoraldia.com.ec\/index.php?rest_route=\/wp\/v2\/posts\/8325\/revisions\/8327"}],"wp:attachment":[{"href":"https:\/\/www.ecuadoraldia.com.ec\/index.php?rest_route=%2Fwp%2Fv2%2Fmedia&parent=8325"}],"wp:term":[{"taxonomy":"category","embeddable":true,"href":"https:\/\/www.ecuadoraldia.com.ec\/index.php?rest_route=%2Fwp%2Fv2%2Fcategories&post=8325"},{"taxonomy":"post_tag","embeddable":true,"href":"https:\/\/www.ecuadoraldia.com.ec\/index.php?rest_route=%2Fwp%2Fv2%2Ftags&post=8325"}],"curies":[{"name":"wp","href":"https:\/\/api.w.org\/{rel}","templated":true}]}}