{"id":8328,"date":"2015-04-08T22:01:40","date_gmt":"2015-04-08T22:01:40","guid":{"rendered":"http:\/\/www.ecuadoraldia.com.ec\/?p=8328"},"modified":"2015-04-08T22:01:40","modified_gmt":"2015-04-08T22:01:40","slug":"jueza-carmen-velasquez-declarada-huesped-ilustre-de-quito","status":"publish","type":"post","link":"https:\/\/www.ecuadoraldia.com.ec\/?p=8328","title":{"rendered":"Jueza Carmen Vel\u00e1squez declarada Hu\u00e9sped Ilustre de Quito?"},"content":{"rendered":"<p style=\"text-align: justify;\"><a href=\"http:\/\/www.ecuadoraldia.com.ec\/wp-content\/uploads\/2015\/04\/JUEZA.jpg\"><img loading=\"lazy\" decoding=\"async\" class=\"alignleft size-medium wp-image-8329\" src=\"http:\/\/www.ecuadoraldia.com.ec\/wp-content\/uploads\/2015\/04\/JUEZA-272x300.jpg\" alt=\"JUEZA\" width=\"272\" height=\"300\" srcset=\"https:\/\/www.ecuadoraldia.com.ec\/wp-content\/uploads\/2015\/04\/JUEZA-272x300.jpg 272w, https:\/\/www.ecuadoraldia.com.ec\/wp-content\/uploads\/2015\/04\/JUEZA.jpg 313w\" sizes=\"(max-width: 272px) 100vw, 272px\" \/><\/a>La Comisi\u00f3n de Mesa del Concejo Metropolitano de Quito y el Alcalde, Mauricio Rodas, declararon Hu\u00e9sped Ilustre de Quito a la Jueza de la Corte Suprema de Nueva York, Carmen Vel\u00e1squez la ceremonia se realiz\u00f3 este mi\u00e9rcoles 8 de abril, en los Salones Protocolarios de la municipalidad.<\/p>\n<p style=\"text-align: justify;\">A este acto denominado como muy emotivo por la Jueza Vel\u00e1squez, acudieron 25 ecuatorianos residentes en el estado de Nueva York, adem\u00e1s del Asamble\u00edsta del mencionado estado, Michael Den Dekker y el se\u00f1or Tomothy Peltier, Consejero para asuntos Pol\u00edticos de la Embajada de Estados Unidos.<\/p>\n<p style=\"text-align: justify;\">La doctora Carmen Vel\u00e1squez jueza de la Corte Suprema de Nueva York, fue elegida por votaci\u00f3n popular, y estar\u00e1 en funciones hasta el 31 de diciembre de 2028.<\/p>\n<p style=\"text-align: justify;\">El Alcalde Mauricio Rodas entreg\u00f3 el pergamino con la declaratoria de Hu\u00e9sped Ilustre y una r\u00e9plica de la Virgen de Legarda; en su alocuci\u00f3n resalt\u00f3 en la persona de Carmen Vel\u00e1squez los v\u00ednculos de hermandad entre los dos pa\u00edses estadounidense y ecuatoriano, exaltando el sentimiento de fraternidad y cooperaci\u00f3n, siendo una persona que vela por los intereses de nuestros compatriotas en el extranjero.<\/p>\n<p style=\"text-align: justify;\">Mauricio Rodas, indic\u00f3 que, si bien la jurista es ecuatoriana y nacida en Quito, ella cuenta con la doble nacionalidad, por ello es posible entregar esta distinci\u00f3n. \u201cEstamos en un caso realmente particular porque, como ustedes conocen, la declaratoria de Hu\u00e9sped Ilustre se otorga a personas extranjeras, pero Do\u00f1a Carmen es ecuatoriana y tiene doble nacionalidad, esto nos ha permitido otorgarle esta declaratoria\u201d.<\/p>\n<p style=\"text-align: justify;\">Subray\u00f3 que este reconocimiento es por dem\u00e1s merecido, \u201cya que personas como Carmen Vel\u00e1squez que migran hacia otras pa\u00edses en la b\u00fasqueda de un futuro mejor y a pesar de las dificultades\u2026 y el ambiente competitivo ha logrado escalar posiciones, hasta llegar a la m\u00e1s alta en la administraci\u00f3n de justicia en Nueva York y convertirse en Jueza de dicho estado, es un verdadero orgullo para todos los ecuatorianos y quite\u00f1os y demuestran la pujanza de abrirse camino, Es un honor recibirla en esta que es su ciudad\u201d, dijo el alcalde.<\/p>\n<p style=\"text-align: justify;\">Carmen Vel\u00e1squez es una destacada jurista tiene doble nacionalidad, de origen ecuatoriana nacida en Quito educada en Portoviejo, a los 14 a\u00f1os de edad emigro a los Estados Unidos de Norteam\u00e9rica junto con su familia. En sus inicios trabajo como cajera de una fruter\u00eda, en un banco y en una f\u00e1brica.<\/p>\n<p style=\"text-align: justify;\">La jueza record\u00f3 que su madre migr\u00f3 a Estados Unidos con 60 d\u00f3lares en su bolsillo y tres hijas \u201ca trabajar horadamente, de esa madera estamos hechas las quite\u00f1as, perseverantes, de madera firme, siempre mirando para adelante, por que cuando se llega a un lugar se tiene una responsabilidad de ayudar a los dem\u00e1s\u201d. Dijo que en su despacho tiene pasantes ecuatorianos, y que a ra\u00edz de esta visita ha hablado con personas de varias universidades, para que un estudiante pueda hacer una pasant\u00eda en Estados Unidos.<\/p>\n<p style=\"text-align: justify;\">\n\u201cAgradezco por haberme abierto las puertas, las puertas de la Alcald\u00eda de mi ciudad\u201d, dijo que cuando era ni\u00f1a miraba el edificio P\u00e9rez Pallares y deseaba entrar y conocerlo \u201cy mire usted hoy estoy aqu\u00ed, recibiendo este reconocimiento, gracias por esto\u201d.<\/p>\n<p style=\"text-align: justify;\">Carmen Velasqu\u00e9z dijo que la vida profesional de un abogado y juez, en Estados Unidos, es una profesi\u00f3n solitaria, pero con independencia total, por la caracter\u00edstica de las responsabilidades que conlleva este ejercicio laboral. El 4 de mayo deber\u00e1 asumir ya sus funciones y este tipo de actividades quedar\u00e1n relegadas, por 14 a\u00f1os, que es el per\u00edodo por el cual fue electa.<\/p>\n<p style=\"text-align: justify;\">El Asamble\u00edsta de Nueva York Michael Den Dekker realiz\u00f3 una proclama al Alcalde Mauricio Rodas. \u201cAgradezco esta declaratoria a la Jueza Vel\u00e1squez, aunque ellos regresen a Estados Unidos, su coraz\u00f3n es ecuatoriano. Yo como asamble\u00edsta represento a la ciudad de Nueva York, yo muestro mi respeto a usted se\u00f1or Alcalde y a los miembros del Concejo Metropolitano, la proclamaci\u00f3n que hago es por el muy buen trabajo que usted realiza en la ciudad de Quito y por tomar tiempo para reconocer a la primera Jueza electa ecuatoriana de la Corte Suprema y esperemos que sea la primera de muchas m\u00e1s\u201d.<\/p>\n<p style=\"text-align: justify;\">\nInformaci\u00f3n sobre la Jueza Carmen Vel\u00e1squez<\/p>\n<p style=\"text-align: justify;\">Estudio en Long Island City High School y cuando sus asesores estudiantiles se enteraron de sus intenciones de estudiar leyes, le aconsejaron que siga otra profesi\u00f3n, pero ni esos consejos ni las innumerables dificultades que tuvo que superar impidieron que ella lograra su meta.<\/p>\n<p style=\"text-align: justify;\">Despu\u00e9s de varios a\u00f1os de sacrificios y esfuerzos se matriculo en la Universidad Jon Jay de Justicia Criminal, especializada en justicia penal y forense, se gradu\u00f3 con altos honores en 1987 gracias a una beca del Consejo para la Educaci\u00f3n Legal obtuvo su grado de doctora en la Escuela de Leyes de la Universidad de Temple Filadelfia.<\/p>\n<p style=\"text-align: justify;\">Fue asistente de la Oficina del Fiscal en el Bronx, y tras varios a\u00f1os de ejercicio profesional privado fue nombrada Magistrada de la Corte Civil de Nueva York para el Condado de Queens.<\/p>\n<p style=\"text-align: justify;\">Trabajo para la ciudad de Nueva York como Defensora Adjunta en la Divisi\u00f3n de Asuntos Jur\u00eddicos del Departamento de Sanidad. En la pr\u00e1ctica privada ejerci\u00f3 en las \u00e1reas de defensa penal, Derecho de Familia e Inmigraci\u00f3n.<\/p>\n<p style=\"text-align: justify;\">En el a\u00f1o 2008 fue elegida Jueza de la Corte Civil del Condado de Queens y en noviembre del 2014 fue elegida como Jueza de la Corte Suprema de NuevaYork, con el m\u00e1s alto porcentaje de votos. Durante su actividad profesional ha sido merecedora de varios premios y reconocimientos por su labor.<\/p>\n","protected":false},"excerpt":{"rendered":"<p>La Comisi\u00f3n de Mesa del Concejo Metropolitano de Quito y el Alcalde, Mauricio Rodas, declararon Hu\u00e9sped Ilustre de Quito a<\/p>\n","protected":false},"author":1,"featured_media":0,"comment_status":"open","ping_status":"open","sticky":false,"template":"","format":"standard","meta":{"footnotes":""},"categories":[14],"tags":[],"_links":{"self":[{"href":"https:\/\/www.ecuadoraldia.com.ec\/index.php?rest_route=\/wp\/v2\/posts\/8328"}],"collection":[{"href":"https:\/\/www.ecuadoraldia.com.ec\/index.php?rest_route=\/wp\/v2\/posts"}],"about":[{"href":"https:\/\/www.ecuadoraldia.com.ec\/index.php?rest_route=\/wp\/v2\/types\/post"}],"author":[{"embeddable":true,"href":"https:\/\/www.ecuadoraldia.com.ec\/index.php?rest_route=\/wp\/v2\/users\/1"}],"replies":[{"embeddable":true,"href":"https:\/\/www.ecuadoraldia.com.ec\/index.php?rest_route=%2Fwp%2Fv2%2Fcomments&post=8328"}],"version-history":[{"count":1,"href":"https:\/\/www.ecuadoraldia.com.ec\/index.php?rest_route=\/wp\/v2\/posts\/8328\/revisions"}],"predecessor-version":[{"id":8330,"href":"https:\/\/www.ecuadoraldia.com.ec\/index.php?rest_route=\/wp\/v2\/posts\/8328\/revisions\/8330"}],"wp:attachment":[{"href":"https:\/\/www.ecuadoraldia.com.ec\/index.php?rest_route=%2Fwp%2Fv2%2Fmedia&parent=8328"}],"wp:term":[{"taxonomy":"category","embeddable":true,"href":"https:\/\/www.ecuadoraldia.com.ec\/index.php?rest_route=%2Fwp%2Fv2%2Fcategories&post=8328"},{"taxonomy":"post_tag","embeddable":true,"href":"https:\/\/www.ecuadoraldia.com.ec\/index.php?rest_route=%2Fwp%2Fv2%2Ftags&post=8328"}],"curies":[{"name":"wp","href":"https:\/\/api.w.org\/{rel}","templated":true}]}}