{"id":8331,"date":"2015-04-08T22:03:35","date_gmt":"2015-04-08T22:03:35","guid":{"rendered":"http:\/\/www.ecuadoraldia.com.ec\/?p=8331"},"modified":"2015-04-08T22:03:35","modified_gmt":"2015-04-08T22:03:35","slug":"legisladores-analizan-propuesta-de-ley-de-justicia-laboral","status":"publish","type":"post","link":"https:\/\/www.ecuadoraldia.com.ec\/?p=8331","title":{"rendered":"Legisladores analizan propuesta de Ley de Justicia Laboral"},"content":{"rendered":"<p style=\"text-align: justify;\"><a href=\"http:\/\/www.ecuadoraldia.com.ec\/wp-content\/uploads\/2015\/04\/jubilados-en-sesio.jpg\"><img loading=\"lazy\" decoding=\"async\" class=\"alignleft size-medium wp-image-8332\" src=\"http:\/\/www.ecuadoraldia.com.ec\/wp-content\/uploads\/2015\/04\/jubilados-en-sesio-300x199.jpg\" alt=\"jubilados en sesio\" width=\"300\" height=\"199\" srcset=\"https:\/\/www.ecuadoraldia.com.ec\/wp-content\/uploads\/2015\/04\/jubilados-en-sesio-300x199.jpg 300w, https:\/\/www.ecuadoraldia.com.ec\/wp-content\/uploads\/2015\/04\/jubilados-en-sesio.jpg 450w\" sizes=\"(max-width: 300px) 100vw, 300px\" \/><\/a>La mesa legislativa de Derechos de los Trabajadores de la Asamblea Nacional sesion\u00f3 esta ma\u00f1ana para analizar, entre otros puntos, el financiamiento del Estado a las pensiones de los jubilados del Instituto Ecuatoriano de Seguridad Social (IESS). Este punto se incluye en el proyecto de Ley de Justicia Laboral y Reconocimiento del Trabajo del Hogar, cuyo informe para segundo debate est\u00e1 previsto se apruebe ma\u00f1ana.<\/p>\n<p style=\"text-align: justify;\">Esta cita cont\u00f3 con la presencia de varios jubilados y trabajadores de las empresas telef\u00f3nicas que reclamaron ser recibidos en comisi\u00f3n general. Esta moci\u00f3n fue presentada por la asamble\u00edsta Cristina Reyes (PSC-Madera de Guerrero), la misma que fue aprobada por sus compa\u00f1eros de la Comisi\u00f3n.<\/p>\n<p style=\"text-align: justify;\">Los jubilados con carteles en mano reclamaron sobre el futuro de las pensiones jubilares, mientras los trabajadores de las telef\u00f3nicas cuestionaron que se modifique el art\u00edculo 97 del C\u00f3digo de Trabajo, que afecta las utilidades en este sector. Esteban Villalba, representante de los afectados, se\u00f1al\u00f3 que son 16.000 familias las que se afectar\u00edan por esta reforma y a\u00f1adi\u00f3 que es una propuesta \u201cregresiva e ilegal\u201d.<\/p>\n<p style=\"text-align: justify;\">Lea tambi\u00e9n: En 2014 las utilidades sumaron $ 1.200 millones<\/p>\n<p style=\"text-align: justify;\">En tanto, en los exteriores de la sede legislativa acudieron decenas de trabajadores de las telef\u00f3nicas vestidos de negro para reclamar la no aprobaci\u00f3n de esta reforma.<\/p>\n<p style=\"text-align: justify;\">Reyes critic\u00f3 el an\u00e1lisis del financiamiento del Estado a las pensiones de los jubilados del IESS, cuando el presidente de la Rep\u00fablica, Rafael Correa, ya anunci\u00f3 en una sabatina que no se dar\u00eda el aporte del 40% desde el Estado para cubrir ese rubro.<\/p>\n<p style=\"text-align: justify;\">La presidenta de la Comisi\u00f3n, Betty Carrillo, lament\u00f3 esta cr\u00edtica. En ese momento se produjo un \u201cacalorado\u201d intercambio de palabras. \u201cNo sabe ni qu\u00e9 preguntar\u00bb, insisti\u00f3 Carrillo a lo que Reyes replic\u00f3: \u00abUsted s\u00ed tiene derecho a decir barbaridades\u00bb.<\/p>\n<p style=\"text-align: justify;\">Este cuestionamiento se gener\u00f3 a ra\u00edz de la declaraci\u00f3n de Carrillo en el canal Ecuavisa: \u201cEl IESS es una instituci\u00f3n que forma parte del Estado y por lo tanto no es solamente de los afiliados, es de todos los ecuatorianos, esa es una nueva concepci\u00f3n\u201d.<\/p>\n<p style=\"text-align: justify;\">Lea adem\u00e1s: Correa ratifica que no habr\u00e1 rebaja de pensiones jubilares<\/p>\n<p style=\"text-align: justify;\">A esta reuni\u00f3n estaba previsto que asista Richard Espinosa, presidente del Directorio del IESS, pero no acudi\u00f3. En su representaci\u00f3n estuvo Andr\u00e9s Ponce, director general de la entidad, quien afirm\u00f3 que no existe deuda del Estado con el IESS.(Tel\u00e9grafo)<\/p>\n","protected":false},"excerpt":{"rendered":"<p>La mesa legislativa de Derechos de los Trabajadores de la Asamblea Nacional sesion\u00f3 esta ma\u00f1ana para analizar, entre otros puntos,<\/p>\n","protected":false},"author":1,"featured_media":0,"comment_status":"open","ping_status":"open","sticky":false,"template":"","format":"standard","meta":{"footnotes":""},"categories":[1],"tags":[],"_links":{"self":[{"href":"https:\/\/www.ecuadoraldia.com.ec\/index.php?rest_route=\/wp\/v2\/posts\/8331"}],"collection":[{"href":"https:\/\/www.ecuadoraldia.com.ec\/index.php?rest_route=\/wp\/v2\/posts"}],"about":[{"href":"https:\/\/www.ecuadoraldia.com.ec\/index.php?rest_route=\/wp\/v2\/types\/post"}],"author":[{"embeddable":true,"href":"https:\/\/www.ecuadoraldia.com.ec\/index.php?rest_route=\/wp\/v2\/users\/1"}],"replies":[{"embeddable":true,"href":"https:\/\/www.ecuadoraldia.com.ec\/index.php?rest_route=%2Fwp%2Fv2%2Fcomments&post=8331"}],"version-history":[{"count":1,"href":"https:\/\/www.ecuadoraldia.com.ec\/index.php?rest_route=\/wp\/v2\/posts\/8331\/revisions"}],"predecessor-version":[{"id":8333,"href":"https:\/\/www.ecuadoraldia.com.ec\/index.php?rest_route=\/wp\/v2\/posts\/8331\/revisions\/8333"}],"wp:attachment":[{"href":"https:\/\/www.ecuadoraldia.com.ec\/index.php?rest_route=%2Fwp%2Fv2%2Fmedia&parent=8331"}],"wp:term":[{"taxonomy":"category","embeddable":true,"href":"https:\/\/www.ecuadoraldia.com.ec\/index.php?rest_route=%2Fwp%2Fv2%2Fcategories&post=8331"},{"taxonomy":"post_tag","embeddable":true,"href":"https:\/\/www.ecuadoraldia.com.ec\/index.php?rest_route=%2Fwp%2Fv2%2Ftags&post=8331"}],"curies":[{"name":"wp","href":"https:\/\/api.w.org\/{rel}","templated":true}]}}